{"id":2178,"date":"2017-07-29T11:23:07","date_gmt":"2017-07-29T10:23:07","guid":{"rendered":"https:\/\/outsiderland.com\/outside\/?p=2178"},"modified":"2017-07-29T11:23:07","modified_gmt":"2017-07-29T10:23:07","slug":"macron-economie","status":"publish","type":"post","link":"https:\/\/outsiderland.com\/danahilliot\/macron-economie\/","title":{"rendered":"Macron-\u00e9conomie"},"content":{"rendered":"<p>Quelques mois apr\u00e8s l&rsquo;installation du nouveau pr\u00e9sident et de son gouvernement au pouvoir, le doute, si tant est qu&rsquo;il y en ait jamais eu un, n&rsquo;est plus permis : le pays est d\u00e9sormais aux mains d&rsquo;une clique parfaitement d\u00e9cid\u00e9e \u00e0 achever la lib\u00e9ralisation de l&rsquo;\u00e9conomie. Ce gouvernement suit les traces de ses pr\u00e9d\u00e9cesseurs, mais sans les r\u00e9serves et les entraves qui ralentissaient encore le processus : chez Sarkozy, le souci de pr\u00e9venir un m\u00e9contentement populaire trop important, et chez Hollande, la n\u00e9cessit\u00e9 de contenir une opposition interne, au sein m\u00eame de son parti. Les deux avaient \u00e9t\u00e9 \u00e9lus en grande partie gr\u00e2ce aux voix du peuple. Ce qui n&rsquo;est absolument pas le cas de Macron. L&rsquo;\u00e9lection de Macron, en comparaison, para\u00eet tout \u00e0 fait unique dans l&rsquo;histoire politique r\u00e9cente en France : seule une minorit\u00e9, environ 25%, des \u00e9lecteurs, adh\u00e8re r\u00e9ellement et sinc\u00e8rement \u00e0 son programme, et cette minorit\u00e9 se distingue par une homog\u00e9n\u00e9it\u00e9 remarquable sur les plans socio-culturelle et \u00e9conomique : il est le Pr\u00e9sident d&rsquo;une population urbaine ais\u00e9e, dipl\u00f4m\u00e9e, jouissant en nombre de ce que les g\u00e9ographes appellent des \u00ab\u00a0\u00e9l\u00e9ments d&rsquo;urbanit\u00e9\u00a0\u00bb, favoris\u00e9e socio-\u00e9conomiquement, adeptes de la \u00ab\u00a0culture d&rsquo;entreprise\u00a0\u00bb, nourrie au biberon de l&rsquo;id\u00e9ologie du management, bref, autant dire qu&rsquo;il n&rsquo;est en rien le pr\u00e9sident du peuple, titre dont ses devanciers pouvaient, avec plus ou moins de sinc\u00e9rit\u00e9, se r\u00e9clamer.<\/p>\n<p>&nbsp;<\/p>\n<p>Macron est un banquier de la haute finance, qui n&rsquo;a jamais \u00e9t\u00e9 \u00e9lu au niveau local, et dont la connaissance de la condition r\u00e9elle de ses administr\u00e9s doit probablement flirter avec l&rsquo;ignorance la plus totale. C&rsquo;est avant tout un lecteur de statistiques et d&rsquo;indicateurs macro(n)-\u00e9conomiques : le peu qu&rsquo;il sait du r\u00e9el \u00ab\u00a0populaire\u00a0\u00bb, il l&rsquo;apprend en consultant ces r\u00e9pertoires de donn\u00e9es. Il se trouve que j&rsquo;ai re\u00e7u dans ma bo\u00eetes aux lettres quelques num\u00e9ros d&rsquo;une revue financi\u00e8re destin\u00e9e manifestement aux boursicoteurs (aux investisseurs) : je n&rsquo;y ai strictement rien compris, et vu l&rsquo;\u00e9tat de mon compte en banque ces jours derniers, je me demande vraiment quelle mouche a piqu\u00e9 le service des abonnements pour m&rsquo;envoyer cette litt\u00e9rature. On y voit des tableaux et des diagrammes, des noms de soci\u00e9t\u00e9 suivis de chiffres, de courbes ascendantes et descendantes, on y prodigue des conseils, et de fringants quinquag\u00e9naire en costume-cravate y font la promotion de leur compagnie. C&rsquo;est \u00e0 cette litt\u00e9rature que nos gouvernants puisent leur inspiration, c&rsquo;est elle qui leur dicte les r\u00e8gles \u00e0 suivre, dessine l&rsquo;horizon et inspire les lois. L&rsquo;\u00e9tat est au service des int\u00e9r\u00eats des compagnies priv\u00e9s et de leurs actionnaires, cela n&rsquo;a rien de nouveau, mais prend une allure plus explicite.<\/p>\n<p>&nbsp;<\/p>\n<p>Pour autant, les deux leitmotiv classiques des discours \u00e9conomiques ne sont pas abandonn\u00e9s. On continue de consid\u00e9rer la lutte contre le ch\u00f4mage et la diminution de la dette comme les deux priorit\u00e9s indiscutables. Mais aujourd&rsquo;hui plus encore qu&rsquo;hier, il faut entendre par lutte contre le ch\u00f4mage le moyen <em>le plus tol\u00e9rable par l&rsquo;opinion<\/em> de saper la dimension protectrice de tous les contrats de travail et, en ce qui concerne le soi-disant probl\u00e8me de la dette, une argument acceptable pour faire passer la pilule du d\u00e9sengagement de la puissance publique en mati\u00e8re de soutien social. La lutte contre la pauvret\u00e9 est en r\u00e9alit\u00e9 une lutte contre les pauvres &#8211; ou, de mani\u00e8re plus insidieuse, la mani\u00e8re de transformer les masses les moins favoris\u00e9es en main d\u2019\u0153uvre corv\u00e9able \u00e0 merci, comme au bon vieux temps d&rsquo;avant les luttes sociales. La conception capitaliste du travail tend irr\u00e9sistiblement vers le mod\u00e8le de l&rsquo;esclavage. C&rsquo;est un si\u00e8cle et demi de combat pour l&rsquo;am\u00e9lioration des conditions de travail et de la dignit\u00e9 des salari\u00e9s qui partent en lambeaux en quelques ann\u00e9es. L&rsquo;id\u00e9e m\u00eame d&rsquo;un progr\u00e8s social trouve ici sa fin, sans que grand monde y trouve \u00e0 redire, ayant perdu toute m\u00e9moire de l&rsquo;histoire des luttes visant \u00e0 prot\u00e9ger le peuple de l&rsquo;avidit\u00e9 du capital. La lutte des classes, d\u00e9clar\u00e9e obsol\u00e8te dans les ann\u00e9es 80 par l\u2019intelligentsia au service des puissants, n&rsquo;a en r\u00e9alit\u00e9 jamais cess\u00e9, mais seul un de ses protagonistes a depuis continu\u00e9 le combat, et ce protagoniste n&rsquo;\u00e9tait plus le peuple.<\/p>\n<p>&nbsp;<\/p>\n<p>La soci\u00e9t\u00e9 hyper-connect\u00e9e et mondialis\u00e9e, organis\u00e9e autour des m\u00e9tropoles, constitue l&rsquo;espace id\u00e9al du d\u00e9ploiement des politiques ultralib\u00e9rales. Il est probable que la r\u00e9organisation des territoires autour d&rsquo;une vingtaine de m\u00e9tropoles reli\u00e9es entre elles en un r\u00e9seau dense de transports et communications, et surtout par une culture commune, et des populations homog\u00e8nes, s&rsquo;acc\u00e9l\u00e8re durant l&rsquo;\u00e8re Macron. L&rsquo;abandon des territoires les plus \u00e9loign\u00e9s des centres m\u00e9tropolitains est programm\u00e9 : les m\u00e9tropoles n&rsquo;auront bient\u00f4t plus aucune raison de payer pour les r\u00e9gions pauvres, improductives, et se contenteront d&rsquo;en exploiter les ressources (naturelles, extractives, touristiques, agricoles, etc.) sans se soucier de la condition des autochtones. On doit s&rsquo;attendre \u00e0 la fin prochaine d&rsquo;un certain monde rural, dont le d\u00e9veloppement suivait bon an mal an celui des villes. Les campagnes situ\u00e9es \u00e0 proximit\u00e9 des gares TGV ou subissant l&rsquo;influence des m\u00e9tropoles connaissent certes\u00a0 un accroissement d\u00e9mographique : elles offrent en effet des \u00e9l\u00e9ments d&rsquo;urbanit\u00e9 notables &#8212; d\u00e8s lors on parle de <em>rurbanit\u00e9<\/em> les concernant. Pour les autres, qu&rsquo;on qualifiera d&rsquo;hyper-rurales, l&rsquo;avenir d\u00e9mographique ressemble \u00e0 un d\u00e9sert. Rien d&rsquo;\u00e9tonnant non plus : le gouvernement Macron ignore le monde rural comme il ignore le peuple (du rural il n&rsquo;entend que les discours des gros entrepreneurs-c\u00e9r\u00e9aliers, des lobbys de l&rsquo;agriculture, et de quelques notables).<\/p>\n<p>&nbsp;<\/p>\n<p>Seul compte en d\u00e9finitive \u00ab\u00a0l&rsquo;individu qui r\u00e9ussit gr\u00e2ce \u00e0 la vigueur de sa volont\u00e9\u00a0\u00bb. Conform\u00e9ment au programme anthropologique implicite des th\u00e9ories cognitives et comportementales, dont le triomphe ces derni\u00e8res d\u00e9cennies dit assez bien quel degr\u00e9 de faiblesse intellectuelle nous avons atteint, l&rsquo;homme qui \u00e9choue doit son \u00e9chec \u00e0 quelques d\u00e9fauts et anomalies c\u00e9r\u00e9brales. Les d\u00e9terminations sociales, sans parler des histoires de vie, n&rsquo;ont aucune part dans le destin socio-\u00e9conomique des individus. Voil\u00e0 le sch\u00e8me global de l&rsquo;\u00e9valuation qui s&rsquo;op\u00e8re sur tout un chacun. C&rsquo;est \u00e9videmment passer sous silence le fait notable que les \u00ab\u00a0gagnants\u00a0\u00bb dont parle Macron et ses sbires ont b\u00e9n\u00e9fici\u00e9 massivement des avantages procur\u00e9s par une naissance sous une bonne \u00e9toile &#8211; bref, que la reproduction des \u00e9lites et des h\u00e9ritiers n&rsquo;a rien d&rsquo;un mythe. Toute la rh\u00e9torique des gagnants vise \u00e0 faire oublier cet aspect peu m\u00e9ritant de leur condition. \u00e7a marche, jusqu&rsquo;\u00e0 pr\u00e9sent du moins. Tout comme para\u00eet pour le moment convaincant pour une bonne partie des administr\u00e9s l&rsquo;id\u00e9e que l&rsquo;\u00e9tat de la France n\u00e9cessite un serrage de ceinture suppl\u00e9mentaire &#8211; quand dans le m\u00eame temps l&rsquo;imp\u00f4t sur la fortune se voit grandement minor\u00e9.<\/p>\n<p>&nbsp;<\/p>\n","protected":false},"excerpt":{"rendered":"<p>Quelques mois apr\u00e8s l&rsquo;installation du nouveau pr\u00e9sident et de son gouvernement au pouvoir, le doute, si tant est qu&rsquo;il y en ait jamais eu un, n&rsquo;est plus permis : le pays est d\u00e9sormais aux mains d&rsquo;une clique parfaitement d\u00e9cid\u00e9e \u00e0 achever la lib\u00e9ralisation de l&rsquo;\u00e9conomie. Ce gouvernement suit les traces de ses pr\u00e9d\u00e9cesseurs, mais sans&hellip;<\/p>\n <a href=\"https:\/\/outsiderland.com\/danahilliot\/macron-economie\/\" title=\"Macron-\u00e9conomie\" class=\"entry-more-link\"><span>Read More<\/span> <span class=\"screen-reader-text\">Macron-\u00e9conomie<\/span><\/a>","protected":false},"author":1,"featured_media":0,"comment_status":"closed","ping_status":"open","sticky":false,"template":"","format":"standard","meta":{"Layout":"","footnotes":"","jetpack_publicize_message":"","jetpack_publicize_feature_enabled":true,"jetpack_social_post_already_shared":false,"jetpack_social_options":{"image_generator_settings":{"template":"highway","default_image_id":0,"font":"","enabled":false},"version":2}},"categories":[27],"tags":[],"class_list":["entry","author-danah","post-2178","post","type-post","status-publish","format-standard","category-exp"],"yoast_head":"<!-- This site is optimized with the Yoast SEO plugin v27.0 - https:\/\/yoast.com\/product\/yoast-seo-wordpress\/ -->\n<title>Macron-\u00e9conomie - Outside Dana Hilliot<\/title>\n<meta name=\"robots\" content=\"index, follow, max-snippet:-1, max-image-preview:large, max-video-preview:-1\" \/>\n<link rel=\"canonical\" href=\"https:\/\/outsiderland.com\/danahilliot\/macron-economie\/\" \/>\n<meta property=\"og:locale\" content=\"fr_FR\" \/>\n<meta property=\"og:type\" content=\"article\" \/>\n<meta property=\"og:title\" content=\"Macron-\u00e9conomie - Outside Dana Hilliot\" \/>\n<meta property=\"og:description\" content=\"Quelques mois apr\u00e8s l&rsquo;installation du nouveau pr\u00e9sident et de son gouvernement au pouvoir, le doute, si tant est qu&rsquo;il y en ait jamais eu un, n&rsquo;est plus permis : le pays est d\u00e9sormais aux mains d&rsquo;une clique parfaitement d\u00e9cid\u00e9e \u00e0 achever la lib\u00e9ralisation de l&rsquo;\u00e9conomie. Ce gouvernement suit les traces de ses pr\u00e9d\u00e9cesseurs, mais sans&hellip;\" \/>\n<meta property=\"og:url\" content=\"https:\/\/outsiderland.com\/danahilliot\/macron-economie\/\" \/>\n<meta property=\"og:site_name\" content=\"Outside Dana Hilliot\" \/>\n<meta property=\"article:published_time\" content=\"2017-07-29T10:23:07+00:00\" \/>\n<meta name=\"author\" content=\"danah\" \/>\n<meta name=\"twitter:card\" content=\"summary_large_image\" \/>\n<meta name=\"twitter:label1\" content=\"\u00c9crit par\" \/>\n\t<meta name=\"twitter:data1\" content=\"danah\" \/>\n\t<meta name=\"twitter:label2\" content=\"Dur\u00e9e de lecture estim\u00e9e\" \/>\n\t<meta name=\"twitter:data2\" content=\"6 minutes\" \/>\n<script type=\"application\/ld+json\" class=\"yoast-schema-graph\">{\"@context\":\"https:\/\/schema.org\",\"@graph\":[{\"@type\":\"Article\",\"@id\":\"https:\/\/outsiderland.com\/danahilliot\/macron-economie\/#article\",\"isPartOf\":{\"@id\":\"https:\/\/outsiderland.com\/danahilliot\/macron-economie\/\"},\"author\":{\"name\":\"danah\",\"@id\":\"https:\/\/outsiderland.com\/danahilliot\/#\/schema\/person\/2f9b92e9fff19bccc36638b10510d5ae\"},\"headline\":\"Macron-\u00e9conomie\",\"datePublished\":\"2017-07-29T10:23:07+00:00\",\"mainEntityOfPage\":{\"@id\":\"https:\/\/outsiderland.com\/danahilliot\/macron-economie\/\"},\"wordCount\":1264,\"publisher\":{\"@id\":\"https:\/\/outsiderland.com\/danahilliot\/#\/schema\/person\/201a1fef0f5c2897bd65e98bcf6b1179\"},\"articleSection\":[\"Exp\u00e9riences \/ Th\u00e9ories\"],\"inLanguage\":\"fr-FR\"},{\"@type\":\"WebPage\",\"@id\":\"https:\/\/outsiderland.com\/danahilliot\/macron-economie\/\",\"url\":\"https:\/\/outsiderland.com\/danahilliot\/macron-economie\/\",\"name\":\"Macron-\u00e9conomie - Outside Dana Hilliot\",\"isPartOf\":{\"@id\":\"https:\/\/outsiderland.com\/danahilliot\/#website\"},\"datePublished\":\"2017-07-29T10:23:07+00:00\",\"breadcrumb\":{\"@id\":\"https:\/\/outsiderland.com\/danahilliot\/macron-economie\/#breadcrumb\"},\"inLanguage\":\"fr-FR\",\"potentialAction\":[{\"@type\":\"ReadAction\",\"target\":[\"https:\/\/outsiderland.com\/danahilliot\/macron-economie\/\"]}]},{\"@type\":\"BreadcrumbList\",\"@id\":\"https:\/\/outsiderland.com\/danahilliot\/macron-economie\/#breadcrumb\",\"itemListElement\":[{\"@type\":\"ListItem\",\"position\":1,\"name\":\"Accueil\",\"item\":\"https:\/\/outsiderland.com\/danahilliot\/\"},{\"@type\":\"ListItem\",\"position\":2,\"name\":\"Macron-\u00e9conomie\"}]},{\"@type\":\"WebSite\",\"@id\":\"https:\/\/outsiderland.com\/danahilliot\/#website\",\"url\":\"https:\/\/outsiderland.com\/danahilliot\/\",\"name\":\"Outside Dana Hilliot\",\"description\":\". Archives . Activit\u00e9s . Projets .\",\"publisher\":{\"@id\":\"https:\/\/outsiderland.com\/danahilliot\/#\/schema\/person\/201a1fef0f5c2897bd65e98bcf6b1179\"},\"potentialAction\":[{\"@type\":\"SearchAction\",\"target\":{\"@type\":\"EntryPoint\",\"urlTemplate\":\"https:\/\/outsiderland.com\/danahilliot\/?s={search_term_string}\"},\"query-input\":{\"@type\":\"PropertyValueSpecification\",\"valueRequired\":true,\"valueName\":\"search_term_string\"}}],\"inLanguage\":\"fr-FR\"},{\"@type\":[\"Person\",\"Organization\"],\"@id\":\"https:\/\/outsiderland.com\/danahilliot\/#\/schema\/person\/201a1fef0f5c2897bd65e98bcf6b1179\",\"name\":\"danahilliot\",\"image\":{\"@type\":\"ImageObject\",\"inLanguage\":\"fr-FR\",\"@id\":\"https:\/\/outsiderland.com\/danahilliot\/#\/schema\/person\/image\/\",\"url\":\"https:\/\/outsiderland.com\/danahilliot\/wp-content\/uploads\/2026\/02\/50801449407_a909f2c1ad_k.jpg\",\"contentUrl\":\"https:\/\/outsiderland.com\/danahilliot\/wp-content\/uploads\/2026\/02\/50801449407_a909f2c1ad_k.jpg\",\"width\":2048,\"height\":1536,\"caption\":\"danahilliot\"},\"logo\":{\"@id\":\"https:\/\/outsiderland.com\/danahilliot\/#\/schema\/person\/image\/\"}},{\"@type\":\"Person\",\"@id\":\"https:\/\/outsiderland.com\/danahilliot\/#\/schema\/person\/2f9b92e9fff19bccc36638b10510d5ae\",\"name\":\"danah\",\"image\":{\"@type\":\"ImageObject\",\"inLanguage\":\"fr-FR\",\"@id\":\"https:\/\/outsiderland.com\/danahilliot\/#\/schema\/person\/image\/\",\"url\":\"https:\/\/secure.gravatar.com\/avatar\/ed6349755e1d97f204277de3d09fc6ac31abd856835c8ea3c3a30d0aa84b0ddd?s=96&d=mm&r=g\",\"contentUrl\":\"https:\/\/secure.gravatar.com\/avatar\/ed6349755e1d97f204277de3d09fc6ac31abd856835c8ea3c3a30d0aa84b0ddd?s=96&d=mm&r=g\",\"caption\":\"danah\"},\"url\":\"https:\/\/outsiderland.com\/danahilliot\/author\/danah\/\"}]}<\/script>\n<!-- \/ Yoast SEO plugin. -->","yoast_head_json":{"title":"Macron-\u00e9conomie - Outside Dana Hilliot","robots":{"index":"index","follow":"follow","max-snippet":"max-snippet:-1","max-image-preview":"max-image-preview:large","max-video-preview":"max-video-preview:-1"},"canonical":"https:\/\/outsiderland.com\/danahilliot\/macron-economie\/","og_locale":"fr_FR","og_type":"article","og_title":"Macron-\u00e9conomie - Outside Dana Hilliot","og_description":"Quelques mois apr\u00e8s l&rsquo;installation du nouveau pr\u00e9sident et de son gouvernement au pouvoir, le doute, si tant est qu&rsquo;il y en ait jamais eu un, n&rsquo;est plus permis : le pays est d\u00e9sormais aux mains d&rsquo;une clique parfaitement d\u00e9cid\u00e9e \u00e0 achever la lib\u00e9ralisation de l&rsquo;\u00e9conomie. Ce gouvernement suit les traces de ses pr\u00e9d\u00e9cesseurs, mais sans&hellip;","og_url":"https:\/\/outsiderland.com\/danahilliot\/macron-economie\/","og_site_name":"Outside Dana Hilliot","article_published_time":"2017-07-29T10:23:07+00:00","author":"danah","twitter_card":"summary_large_image","twitter_misc":{"\u00c9crit par":"danah","Dur\u00e9e de lecture estim\u00e9e":"6 minutes"},"schema":{"@context":"https:\/\/schema.org","@graph":[{"@type":"Article","@id":"https:\/\/outsiderland.com\/danahilliot\/macron-economie\/#article","isPartOf":{"@id":"https:\/\/outsiderland.com\/danahilliot\/macron-economie\/"},"author":{"name":"danah","@id":"https:\/\/outsiderland.com\/danahilliot\/#\/schema\/person\/2f9b92e9fff19bccc36638b10510d5ae"},"headline":"Macron-\u00e9conomie","datePublished":"2017-07-29T10:23:07+00:00","mainEntityOfPage":{"@id":"https:\/\/outsiderland.com\/danahilliot\/macron-economie\/"},"wordCount":1264,"publisher":{"@id":"https:\/\/outsiderland.com\/danahilliot\/#\/schema\/person\/201a1fef0f5c2897bd65e98bcf6b1179"},"articleSection":["Exp\u00e9riences \/ Th\u00e9ories"],"inLanguage":"fr-FR"},{"@type":"WebPage","@id":"https:\/\/outsiderland.com\/danahilliot\/macron-economie\/","url":"https:\/\/outsiderland.com\/danahilliot\/macron-economie\/","name":"Macron-\u00e9conomie - Outside Dana Hilliot","isPartOf":{"@id":"https:\/\/outsiderland.com\/danahilliot\/#website"},"datePublished":"2017-07-29T10:23:07+00:00","breadcrumb":{"@id":"https:\/\/outsiderland.com\/danahilliot\/macron-economie\/#breadcrumb"},"inLanguage":"fr-FR","potentialAction":[{"@type":"ReadAction","target":["https:\/\/outsiderland.com\/danahilliot\/macron-economie\/"]}]},{"@type":"BreadcrumbList","@id":"https:\/\/outsiderland.com\/danahilliot\/macron-economie\/#breadcrumb","itemListElement":[{"@type":"ListItem","position":1,"name":"Accueil","item":"https:\/\/outsiderland.com\/danahilliot\/"},{"@type":"ListItem","position":2,"name":"Macron-\u00e9conomie"}]},{"@type":"WebSite","@id":"https:\/\/outsiderland.com\/danahilliot\/#website","url":"https:\/\/outsiderland.com\/danahilliot\/","name":"Outside Dana Hilliot","description":". Archives . Activit\u00e9s . Projets .","publisher":{"@id":"https:\/\/outsiderland.com\/danahilliot\/#\/schema\/person\/201a1fef0f5c2897bd65e98bcf6b1179"},"potentialAction":[{"@type":"SearchAction","target":{"@type":"EntryPoint","urlTemplate":"https:\/\/outsiderland.com\/danahilliot\/?s={search_term_string}"},"query-input":{"@type":"PropertyValueSpecification","valueRequired":true,"valueName":"search_term_string"}}],"inLanguage":"fr-FR"},{"@type":["Person","Organization"],"@id":"https:\/\/outsiderland.com\/danahilliot\/#\/schema\/person\/201a1fef0f5c2897bd65e98bcf6b1179","name":"danahilliot","image":{"@type":"ImageObject","inLanguage":"fr-FR","@id":"https:\/\/outsiderland.com\/danahilliot\/#\/schema\/person\/image\/","url":"https:\/\/outsiderland.com\/danahilliot\/wp-content\/uploads\/2026\/02\/50801449407_a909f2c1ad_k.jpg","contentUrl":"https:\/\/outsiderland.com\/danahilliot\/wp-content\/uploads\/2026\/02\/50801449407_a909f2c1ad_k.jpg","width":2048,"height":1536,"caption":"danahilliot"},"logo":{"@id":"https:\/\/outsiderland.com\/danahilliot\/#\/schema\/person\/image\/"}},{"@type":"Person","@id":"https:\/\/outsiderland.com\/danahilliot\/#\/schema\/person\/2f9b92e9fff19bccc36638b10510d5ae","name":"danah","image":{"@type":"ImageObject","inLanguage":"fr-FR","@id":"https:\/\/outsiderland.com\/danahilliot\/#\/schema\/person\/image\/","url":"https:\/\/secure.gravatar.com\/avatar\/ed6349755e1d97f204277de3d09fc6ac31abd856835c8ea3c3a30d0aa84b0ddd?s=96&d=mm&r=g","contentUrl":"https:\/\/secure.gravatar.com\/avatar\/ed6349755e1d97f204277de3d09fc6ac31abd856835c8ea3c3a30d0aa84b0ddd?s=96&d=mm&r=g","caption":"danah"},"url":"https:\/\/outsiderland.com\/danahilliot\/author\/danah\/"}]}},"jetpack_publicize_connections":[],"_links":{"self":[{"href":"https:\/\/outsiderland.com\/danahilliot\/wp-json\/wp\/v2\/posts\/2178","targetHints":{"allow":["GET"]}}],"collection":[{"href":"https:\/\/outsiderland.com\/danahilliot\/wp-json\/wp\/v2\/posts"}],"about":[{"href":"https:\/\/outsiderland.com\/danahilliot\/wp-json\/wp\/v2\/types\/post"}],"author":[{"embeddable":true,"href":"https:\/\/outsiderland.com\/danahilliot\/wp-json\/wp\/v2\/users\/1"}],"replies":[{"embeddable":true,"href":"https:\/\/outsiderland.com\/danahilliot\/wp-json\/wp\/v2\/comments?post=2178"}],"version-history":[{"count":0,"href":"https:\/\/outsiderland.com\/danahilliot\/wp-json\/wp\/v2\/posts\/2178\/revisions"}],"wp:attachment":[{"href":"https:\/\/outsiderland.com\/danahilliot\/wp-json\/wp\/v2\/media?parent=2178"}],"wp:term":[{"taxonomy":"category","embeddable":true,"href":"https:\/\/outsiderland.com\/danahilliot\/wp-json\/wp\/v2\/categories?post=2178"},{"taxonomy":"post_tag","embeddable":true,"href":"https:\/\/outsiderland.com\/danahilliot\/wp-json\/wp\/v2\/tags?post=2178"}],"curies":[{"name":"wp","href":"https:\/\/api.w.org\/{rel}","templated":true}]}}