{"id":2114,"date":"2017-04-25T10:27:01","date_gmt":"2017-04-25T09:27:01","guid":{"rendered":"https:\/\/outsiderland.com\/outside\/?p=2114"},"modified":"2017-04-25T10:27:01","modified_gmt":"2017-04-25T09:27:01","slug":"privation-de-liberte","status":"publish","type":"post","link":"https:\/\/outsiderland.com\/danahilliot\/privation-de-liberte\/","title":{"rendered":"Privation de libert\u00e9"},"content":{"rendered":"<p>Mardi : pour arrondir les fins de mois (pour ne pas aggraver les d\u00e9buts de mois) je fais quelques remplacements cette semaine. Une semaine \u00e0 35 heures donc, ce qui n&rsquo;est pas commun dans mon emploi du temps : cet hiver, comme j&rsquo;\u00e9tais saisonnier, il m&rsquo;arrivait de pousser jusqu&rsquo;\u00e0 60 heures, mais la plupart du temps, je ne vais gu\u00e8re au-del\u00e0 de 15 heures. Sans compter bien \u00e9videmment le temps pass\u00e9 \u00e0 \u00e9crire, r\u00e9unir de la documentation, me promener, prendre des photographies, m&rsquo;occuper des chiens, regarder des courses de v\u00e9lo sur l&rsquo;ordinateur, dormir, pr\u00e9parer le repas et manger, converser avec ma ch\u00e9rie, mes chiens, des amis et le voisinage, entretenir le jardin, donner un coup de main \u00e0 telle ou telle association, observer le temps qu&rsquo;il fait, \u00e9tudier les mod\u00e8les m\u00e9t\u00e9o, \u00e9crire et r\u00e9pondre \u00e0 mes correspondants, publier un message sur ce blog et d&rsquo;autres blogs, imaginer les sc\u00e8nes de mon prochain livre.<\/p>\n<p>35 heures prend assur\u00e9ment trop de temps. Il r\u00e8gne un calme absolu au bureau, la client\u00e8le ne se presse pas au portillon, c&rsquo;est le moins qu&rsquo;on puisse dire, il pleut depuis le matin, une sorte de miracle vu qu&rsquo;on n&rsquo;a pas senti la moindre goutte depuis des semaines. Il se pourrait m\u00eame qu&rsquo;il neige dans la semaine. C&rsquo;est le temps que je donne \u00e0 mon employeur en \u00e9change d&rsquo;un salaire minimum (pas un cent de plus). Une semaine donc, \u00e7a devrait aller. Je suis absolument seul \u00e0 mon travail et cela me va fort bien. Pas de patron sur le dos. Regarder la pluie qui tombe par la fen\u00eatre. Il est 10h30. J&rsquo;ai travaill\u00e9 1 heure et demie. Il me reste 33 heures trente \u00e0 accomplir. Quand j&rsquo;\u00e9tais enseignant, d\u00e8s le d\u00e9but du mois de septembre, alors qu&rsquo;on \u00e9tait \u00e0 peine rentr\u00e9, je comptais ainsi d\u00e9j\u00e0 les jours qui restaient, et chaque matin, les heures. \u00e0 un moment, j&rsquo;ai pens\u00e9 devenir fou &#8211; j&rsquo;\u00e9tais en train de le devenir et j&rsquo;avais donc raison de le penser : j&rsquo;avais report\u00e9 \u00e0 la fin de mon agenda sous forme de b\u00e2tonnets le nombre de jours restants avant la fin de l&rsquo;ann\u00e9e scolaire, et je les rayais par groupe de 5 quand ils \u00e9taient derri\u00e8re moi, mais au dernier trimestre, je rayais b\u00e2ton par b\u00e2ton, jour par jour.\u00a0Ceux qui accomplissent une peine de prison connaissent bien cela.\u00a0J&rsquo;avais l&rsquo;impression de me vider de ma substance, de mon \u00e9nergie vitale et de mon esprit au fur et \u00e0 mesure des jours pass\u00e9s \u00e0 ce travail, de subir une v\u00e9ritable ali\u00e9nation, c&rsquo;est-\u00e0-dire d&rsquo;\u00eatre poss\u00e9d\u00e9 par une sorte de L\u00e9viathan impitoyable, qui me laisserait assur\u00e9ment au final exsangue, nerveusement \u00e9puis\u00e9, c\u00e9r\u00e9bralement mort, condamn\u00e9 \u00e0 la d\u00e9bilisation la plus d\u00e9finitive par lobotomie.<\/p>\n<p>Notre nouveau futur pr\u00e9sident de la r\u00e9publique (je conserve les minuscules n&rsquo;ayant pas le c\u0153ur \u00e0 lui faire honneur de majuscules) qui ne se tient plus de joie \u00e0 la seule mention du mot travail ne comprendrait \u00e9videmment pas ce dont je parle. Le travail comme privation de libert\u00e9, alors qu&rsquo;il le con\u00e7oit exactement de mani\u00e8re contraire (ou du moins, c&rsquo;est ce qu&rsquo;il veut faire croire aux travailleurs) : le travail rend libre. J&rsquo;\u00e9viterai de l&rsquo;\u00e9crire en allemand pour les raisons que l&rsquo;on sait, mais tout de m\u00eame, on ne peut que noter qu&rsquo;au sujet des vertus du travail, les propagandes nazis et celles de l&rsquo;ultra-lib\u00e9ralisme contemporain co\u00efncident parfaitement : rien de plus naturel puisqu&rsquo;elles sont issues toutes deux de la m\u00eame vulgate capitaliste. C&rsquo;est m\u00eame sans doute chez Marx qu&rsquo;on trouvera le plus remarquable \u00e9nonc\u00e9 de la valeur du travail (dans des termes que ne renieraient pas les adeptes du d\u00e9veloppement personnel aujourd&rsquo;hui) :<\/p>\n<blockquote>\n<div class=\"copy-paste-block\">\u00ab\u00a0Tout ce qui est juste et bon est le travail, la seule diff\u00e9rence, c\u2019est que pour le bourgeois, le travail tend de plus en plus \u00e0 \u00eatre le travail des autres, et que pour l\u2019ouvrier, seul lui-m\u00eame peut porter le titre noble de travailleur. Etant non travailleur, tout ce qui n\u2019est pas prol\u00e9taire est parasite. \u00ab\u00a0<\/div>\n<\/blockquote>\n<div class=\"copy-paste-block\">\n<blockquote>\n<div class=\"copy-paste-block\">Karl Marx, <i>Ebauche d\u2019une critique de l\u2019\u00e9conomie politique<\/i>, in Manuscrits de 1844<\/div>\n<\/blockquote>\n<div class=\"copy-paste-block\"><\/div>\n<\/div>\n<div class=\"copy-paste-block\">Cette conception, qui vantait \u00e9videmment le travail \u00ab\u00a0libre\u00a0\u00bb et non pas forc\u00e9, le travail vivant et non pas mort, peut se retrouver telle quelle au mot pr\u00e8s d\u00e9sormais chez la plupart des gens, salari\u00e9s aussi bien que patron, chez Macron aussi bien que chez le prol\u00e9taire ou le paysan, preuve de la r\u00e9ussite sans r\u00e9serve de la propagande capitaliste, mais assur\u00e9ment purg\u00e9e de sa critique marxienne. Apr\u00e8s deux si\u00e8cles \u00e0 marteler cette litanie, avec, \u00e0 bien y regarder,\u00a0le soutien de la plupart des\u00a0syndicats (except\u00e9s les plus r\u00e9volutionnaires et les anarchistes), tout le monde est tomb\u00e9 d&rsquo;accord \u00e0 ce sujet, et si lutte il y a, elles porteront finalement non pas sur l&rsquo;abolition du travail salari\u00e9 et du syst\u00e8me inique qu&rsquo;alimente le salariat, mais sur les \u00ab\u00a0conditions de travail\u00a0\u00bb et le \u00ab\u00a0droit du travail\u00a0\u00bb, qu&rsquo;on veille l&rsquo;amender dans un sens ou dans un autre. On est bien forc\u00e9 de convenir que s&rsquo;il ne tenait qu&rsquo;\u00e0 la vigueur de sa p\u00e9n\u00e9tration dans les esprits, l&rsquo;avenir\u00a0du capitalisme et de la domination du peuple par les nantis par l&rsquo;organisation du travail salari\u00e9, s&rsquo;annoncent plut\u00f4t radieuses au XXI\u00e8me si\u00e8cle, et un type comme Macron est assur\u00e9ment son H\u00e9rault le plus exalt\u00e9. Qu&rsquo;il fasse figure de sauveurs pour les propri\u00e9taires des moyens de production, ou ceux qui esp\u00e8rent bien en faire partie dans le futur, les \u00e9tudiants d&rsquo;\u00e9cole de commerce et les fils \u00e0 papa, je le con\u00e7ois, mais qu&rsquo;l suscite une adh\u00e9sion au-del\u00e0 de cette caste, c&rsquo;est \u00e0 d\u00e9sesp\u00e9rer &#8211; de fait, l ne suscite pas tant d&rsquo;adh\u00e9sion que \u00e7a, si on prend en cpte dans les r\u00e9sultats de l&rsquo;\u00e9lection le votes blancs et les absentions : pas plus de 18% &#8211; si bien que sur dix personnes rencontr\u00e9es aujourd&rsquo;hui, vous ne compterez pas plus de 2 qui lui auront accord\u00e9 un suffrage (ce qui correspond effectivement au poids de la cat\u00e9gorie socio-professionnelle des gens dont on s&rsquo;attend logiquement \u00e0 ce qu&rsquo;ils puissent reconna\u00eetre en notre futur pr\u00e9sident un des leurs).<\/div>\n<p>&nbsp;<\/p>\n<p>Il est maintenant 11h30. L&rsquo;\u00e9criture de ce texte contre le principe m\u00eame du salariat, r\u00e9dig\u00e9 alors m\u00eame que je suis en situation de salariat ce matin, m&rsquo;a occup\u00e9\u00a0une petit heure.\u00a0C&rsquo;est une occupation du temps. Je resterai d\u00e9cid\u00e9ment jusqu&rsquo;au bout un disciple de Lafargue :<\/p>\n<blockquote>\n<div class=\"copy-paste-block\">\u00ab\u00a0Une \u00e9trange folie poss\u00e8de les classes ouvri\u00e8res des nations o\u00f9 r\u00e8gne la civilisation capitaliste. Cette folie tra\u00eene \u00e0 sa suite des mis\u00e8res individuelles et sociales qui, depuis des si\u00e8cles, torturent la triste humanit\u00e9. Cette folie est l\u2019amour du travail, la passion moribonde du travail, pouss\u00e9e jusqu\u2019\u00e0 l\u2019\u00e9puisement des forces vitales de l\u2019individu et de sa prog\u00e9niture.\u00a0\u00bb<\/div>\n<\/blockquote>\n","protected":false},"excerpt":{"rendered":"<p>Mardi : pour arrondir les fins de mois (pour ne pas aggraver les d\u00e9buts de mois) je fais quelques remplacements cette semaine. Une semaine \u00e0 35 heures donc, ce qui n&rsquo;est pas commun dans mon emploi du temps : cet hiver, comme j&rsquo;\u00e9tais saisonnier, il m&rsquo;arrivait de pousser jusqu&rsquo;\u00e0 60 heures, mais la plupart du&hellip;<\/p>\n <a href=\"https:\/\/outsiderland.com\/danahilliot\/privation-de-liberte\/\" title=\"Privation de libert\u00e9\" class=\"entry-more-link\"><span>Read More<\/span> <span class=\"screen-reader-text\">Privation de libert\u00e9<\/span><\/a>","protected":false},"author":1,"featured_media":0,"comment_status":"closed","ping_status":"open","sticky":false,"template":"","format":"standard","meta":{"Layout":"","footnotes":"","jetpack_publicize_message":"","jetpack_publicize_feature_enabled":true,"jetpack_social_post_already_shared":false,"jetpack_social_options":{"image_generator_settings":{"template":"highway","default_image_id":0,"font":"","enabled":false},"version":2}},"categories":[27],"tags":[],"class_list":["entry","author-danah","post-2114","post","type-post","status-publish","format-standard","category-exp"],"yoast_head":"<!-- This site is optimized with the Yoast SEO plugin v27.0 - https:\/\/yoast.com\/product\/yoast-seo-wordpress\/ -->\n<title>Privation de libert\u00e9 - Outside Dana Hilliot<\/title>\n<meta name=\"robots\" content=\"index, follow, max-snippet:-1, max-image-preview:large, max-video-preview:-1\" \/>\n<link rel=\"canonical\" href=\"https:\/\/outsiderland.com\/danahilliot\/privation-de-liberte\/\" \/>\n<meta property=\"og:locale\" content=\"fr_FR\" \/>\n<meta property=\"og:type\" content=\"article\" \/>\n<meta property=\"og:title\" content=\"Privation de libert\u00e9 - Outside Dana Hilliot\" \/>\n<meta property=\"og:description\" content=\"Mardi : pour arrondir les fins de mois (pour ne pas aggraver les d\u00e9buts de mois) je fais quelques remplacements cette semaine. Une semaine \u00e0 35 heures donc, ce qui n&rsquo;est pas commun dans mon emploi du temps : cet hiver, comme j&rsquo;\u00e9tais saisonnier, il m&rsquo;arrivait de pousser jusqu&rsquo;\u00e0 60 heures, mais la plupart du&hellip;\" \/>\n<meta property=\"og:url\" content=\"https:\/\/outsiderland.com\/danahilliot\/privation-de-liberte\/\" \/>\n<meta property=\"og:site_name\" content=\"Outside Dana Hilliot\" \/>\n<meta property=\"article:published_time\" content=\"2017-04-25T09:27:01+00:00\" \/>\n<meta name=\"author\" content=\"danah\" \/>\n<meta name=\"twitter:card\" content=\"summary_large_image\" \/>\n<meta name=\"twitter:label1\" content=\"\u00c9crit par\" \/>\n\t<meta name=\"twitter:data1\" content=\"danah\" \/>\n\t<meta name=\"twitter:label2\" content=\"Dur\u00e9e de lecture estim\u00e9e\" \/>\n\t<meta name=\"twitter:data2\" content=\"6 minutes\" \/>\n<script type=\"application\/ld+json\" class=\"yoast-schema-graph\">{\"@context\":\"https:\/\/schema.org\",\"@graph\":[{\"@type\":\"Article\",\"@id\":\"https:\/\/outsiderland.com\/danahilliot\/privation-de-liberte\/#article\",\"isPartOf\":{\"@id\":\"https:\/\/outsiderland.com\/danahilliot\/privation-de-liberte\/\"},\"author\":{\"name\":\"danah\",\"@id\":\"https:\/\/outsiderland.com\/danahilliot\/#\/schema\/person\/2f9b92e9fff19bccc36638b10510d5ae\"},\"headline\":\"Privation de libert\u00e9\",\"datePublished\":\"2017-04-25T09:27:01+00:00\",\"mainEntityOfPage\":{\"@id\":\"https:\/\/outsiderland.com\/danahilliot\/privation-de-liberte\/\"},\"wordCount\":1228,\"publisher\":{\"@id\":\"https:\/\/outsiderland.com\/danahilliot\/#\/schema\/person\/201a1fef0f5c2897bd65e98bcf6b1179\"},\"articleSection\":[\"Exp\u00e9riences \/ Th\u00e9ories\"],\"inLanguage\":\"fr-FR\"},{\"@type\":\"WebPage\",\"@id\":\"https:\/\/outsiderland.com\/danahilliot\/privation-de-liberte\/\",\"url\":\"https:\/\/outsiderland.com\/danahilliot\/privation-de-liberte\/\",\"name\":\"Privation de libert\u00e9 - Outside Dana Hilliot\",\"isPartOf\":{\"@id\":\"https:\/\/outsiderland.com\/danahilliot\/#website\"},\"datePublished\":\"2017-04-25T09:27:01+00:00\",\"breadcrumb\":{\"@id\":\"https:\/\/outsiderland.com\/danahilliot\/privation-de-liberte\/#breadcrumb\"},\"inLanguage\":\"fr-FR\",\"potentialAction\":[{\"@type\":\"ReadAction\",\"target\":[\"https:\/\/outsiderland.com\/danahilliot\/privation-de-liberte\/\"]}]},{\"@type\":\"BreadcrumbList\",\"@id\":\"https:\/\/outsiderland.com\/danahilliot\/privation-de-liberte\/#breadcrumb\",\"itemListElement\":[{\"@type\":\"ListItem\",\"position\":1,\"name\":\"Accueil\",\"item\":\"https:\/\/outsiderland.com\/danahilliot\/\"},{\"@type\":\"ListItem\",\"position\":2,\"name\":\"Privation de libert\u00e9\"}]},{\"@type\":\"WebSite\",\"@id\":\"https:\/\/outsiderland.com\/danahilliot\/#website\",\"url\":\"https:\/\/outsiderland.com\/danahilliot\/\",\"name\":\"Outside Dana Hilliot\",\"description\":\". Archives . Activit\u00e9s . Projets .\",\"publisher\":{\"@id\":\"https:\/\/outsiderland.com\/danahilliot\/#\/schema\/person\/201a1fef0f5c2897bd65e98bcf6b1179\"},\"potentialAction\":[{\"@type\":\"SearchAction\",\"target\":{\"@type\":\"EntryPoint\",\"urlTemplate\":\"https:\/\/outsiderland.com\/danahilliot\/?s={search_term_string}\"},\"query-input\":{\"@type\":\"PropertyValueSpecification\",\"valueRequired\":true,\"valueName\":\"search_term_string\"}}],\"inLanguage\":\"fr-FR\"},{\"@type\":[\"Person\",\"Organization\"],\"@id\":\"https:\/\/outsiderland.com\/danahilliot\/#\/schema\/person\/201a1fef0f5c2897bd65e98bcf6b1179\",\"name\":\"danahilliot\",\"image\":{\"@type\":\"ImageObject\",\"inLanguage\":\"fr-FR\",\"@id\":\"https:\/\/outsiderland.com\/danahilliot\/#\/schema\/person\/image\/\",\"url\":\"https:\/\/outsiderland.com\/danahilliot\/wp-content\/uploads\/2026\/02\/50801449407_a909f2c1ad_k.jpg\",\"contentUrl\":\"https:\/\/outsiderland.com\/danahilliot\/wp-content\/uploads\/2026\/02\/50801449407_a909f2c1ad_k.jpg\",\"width\":2048,\"height\":1536,\"caption\":\"danahilliot\"},\"logo\":{\"@id\":\"https:\/\/outsiderland.com\/danahilliot\/#\/schema\/person\/image\/\"}},{\"@type\":\"Person\",\"@id\":\"https:\/\/outsiderland.com\/danahilliot\/#\/schema\/person\/2f9b92e9fff19bccc36638b10510d5ae\",\"name\":\"danah\",\"image\":{\"@type\":\"ImageObject\",\"inLanguage\":\"fr-FR\",\"@id\":\"https:\/\/outsiderland.com\/danahilliot\/#\/schema\/person\/image\/\",\"url\":\"https:\/\/secure.gravatar.com\/avatar\/ed6349755e1d97f204277de3d09fc6ac31abd856835c8ea3c3a30d0aa84b0ddd?s=96&d=mm&r=g\",\"contentUrl\":\"https:\/\/secure.gravatar.com\/avatar\/ed6349755e1d97f204277de3d09fc6ac31abd856835c8ea3c3a30d0aa84b0ddd?s=96&d=mm&r=g\",\"caption\":\"danah\"},\"url\":\"https:\/\/outsiderland.com\/danahilliot\/author\/danah\/\"}]}<\/script>\n<!-- \/ Yoast SEO plugin. -->","yoast_head_json":{"title":"Privation de libert\u00e9 - Outside Dana Hilliot","robots":{"index":"index","follow":"follow","max-snippet":"max-snippet:-1","max-image-preview":"max-image-preview:large","max-video-preview":"max-video-preview:-1"},"canonical":"https:\/\/outsiderland.com\/danahilliot\/privation-de-liberte\/","og_locale":"fr_FR","og_type":"article","og_title":"Privation de libert\u00e9 - Outside Dana Hilliot","og_description":"Mardi : pour arrondir les fins de mois (pour ne pas aggraver les d\u00e9buts de mois) je fais quelques remplacements cette semaine. Une semaine \u00e0 35 heures donc, ce qui n&rsquo;est pas commun dans mon emploi du temps : cet hiver, comme j&rsquo;\u00e9tais saisonnier, il m&rsquo;arrivait de pousser jusqu&rsquo;\u00e0 60 heures, mais la plupart du&hellip;","og_url":"https:\/\/outsiderland.com\/danahilliot\/privation-de-liberte\/","og_site_name":"Outside Dana Hilliot","article_published_time":"2017-04-25T09:27:01+00:00","author":"danah","twitter_card":"summary_large_image","twitter_misc":{"\u00c9crit par":"danah","Dur\u00e9e de lecture estim\u00e9e":"6 minutes"},"schema":{"@context":"https:\/\/schema.org","@graph":[{"@type":"Article","@id":"https:\/\/outsiderland.com\/danahilliot\/privation-de-liberte\/#article","isPartOf":{"@id":"https:\/\/outsiderland.com\/danahilliot\/privation-de-liberte\/"},"author":{"name":"danah","@id":"https:\/\/outsiderland.com\/danahilliot\/#\/schema\/person\/2f9b92e9fff19bccc36638b10510d5ae"},"headline":"Privation de libert\u00e9","datePublished":"2017-04-25T09:27:01+00:00","mainEntityOfPage":{"@id":"https:\/\/outsiderland.com\/danahilliot\/privation-de-liberte\/"},"wordCount":1228,"publisher":{"@id":"https:\/\/outsiderland.com\/danahilliot\/#\/schema\/person\/201a1fef0f5c2897bd65e98bcf6b1179"},"articleSection":["Exp\u00e9riences \/ Th\u00e9ories"],"inLanguage":"fr-FR"},{"@type":"WebPage","@id":"https:\/\/outsiderland.com\/danahilliot\/privation-de-liberte\/","url":"https:\/\/outsiderland.com\/danahilliot\/privation-de-liberte\/","name":"Privation de libert\u00e9 - Outside Dana Hilliot","isPartOf":{"@id":"https:\/\/outsiderland.com\/danahilliot\/#website"},"datePublished":"2017-04-25T09:27:01+00:00","breadcrumb":{"@id":"https:\/\/outsiderland.com\/danahilliot\/privation-de-liberte\/#breadcrumb"},"inLanguage":"fr-FR","potentialAction":[{"@type":"ReadAction","target":["https:\/\/outsiderland.com\/danahilliot\/privation-de-liberte\/"]}]},{"@type":"BreadcrumbList","@id":"https:\/\/outsiderland.com\/danahilliot\/privation-de-liberte\/#breadcrumb","itemListElement":[{"@type":"ListItem","position":1,"name":"Accueil","item":"https:\/\/outsiderland.com\/danahilliot\/"},{"@type":"ListItem","position":2,"name":"Privation de libert\u00e9"}]},{"@type":"WebSite","@id":"https:\/\/outsiderland.com\/danahilliot\/#website","url":"https:\/\/outsiderland.com\/danahilliot\/","name":"Outside Dana Hilliot","description":". Archives . Activit\u00e9s . Projets .","publisher":{"@id":"https:\/\/outsiderland.com\/danahilliot\/#\/schema\/person\/201a1fef0f5c2897bd65e98bcf6b1179"},"potentialAction":[{"@type":"SearchAction","target":{"@type":"EntryPoint","urlTemplate":"https:\/\/outsiderland.com\/danahilliot\/?s={search_term_string}"},"query-input":{"@type":"PropertyValueSpecification","valueRequired":true,"valueName":"search_term_string"}}],"inLanguage":"fr-FR"},{"@type":["Person","Organization"],"@id":"https:\/\/outsiderland.com\/danahilliot\/#\/schema\/person\/201a1fef0f5c2897bd65e98bcf6b1179","name":"danahilliot","image":{"@type":"ImageObject","inLanguage":"fr-FR","@id":"https:\/\/outsiderland.com\/danahilliot\/#\/schema\/person\/image\/","url":"https:\/\/outsiderland.com\/danahilliot\/wp-content\/uploads\/2026\/02\/50801449407_a909f2c1ad_k.jpg","contentUrl":"https:\/\/outsiderland.com\/danahilliot\/wp-content\/uploads\/2026\/02\/50801449407_a909f2c1ad_k.jpg","width":2048,"height":1536,"caption":"danahilliot"},"logo":{"@id":"https:\/\/outsiderland.com\/danahilliot\/#\/schema\/person\/image\/"}},{"@type":"Person","@id":"https:\/\/outsiderland.com\/danahilliot\/#\/schema\/person\/2f9b92e9fff19bccc36638b10510d5ae","name":"danah","image":{"@type":"ImageObject","inLanguage":"fr-FR","@id":"https:\/\/outsiderland.com\/danahilliot\/#\/schema\/person\/image\/","url":"https:\/\/secure.gravatar.com\/avatar\/ed6349755e1d97f204277de3d09fc6ac31abd856835c8ea3c3a30d0aa84b0ddd?s=96&d=mm&r=g","contentUrl":"https:\/\/secure.gravatar.com\/avatar\/ed6349755e1d97f204277de3d09fc6ac31abd856835c8ea3c3a30d0aa84b0ddd?s=96&d=mm&r=g","caption":"danah"},"url":"https:\/\/outsiderland.com\/danahilliot\/author\/danah\/"}]}},"jetpack_publicize_connections":[],"_links":{"self":[{"href":"https:\/\/outsiderland.com\/danahilliot\/wp-json\/wp\/v2\/posts\/2114","targetHints":{"allow":["GET"]}}],"collection":[{"href":"https:\/\/outsiderland.com\/danahilliot\/wp-json\/wp\/v2\/posts"}],"about":[{"href":"https:\/\/outsiderland.com\/danahilliot\/wp-json\/wp\/v2\/types\/post"}],"author":[{"embeddable":true,"href":"https:\/\/outsiderland.com\/danahilliot\/wp-json\/wp\/v2\/users\/1"}],"replies":[{"embeddable":true,"href":"https:\/\/outsiderland.com\/danahilliot\/wp-json\/wp\/v2\/comments?post=2114"}],"version-history":[{"count":0,"href":"https:\/\/outsiderland.com\/danahilliot\/wp-json\/wp\/v2\/posts\/2114\/revisions"}],"wp:attachment":[{"href":"https:\/\/outsiderland.com\/danahilliot\/wp-json\/wp\/v2\/media?parent=2114"}],"wp:term":[{"taxonomy":"category","embeddable":true,"href":"https:\/\/outsiderland.com\/danahilliot\/wp-json\/wp\/v2\/categories?post=2114"},{"taxonomy":"post_tag","embeddable":true,"href":"https:\/\/outsiderland.com\/danahilliot\/wp-json\/wp\/v2\/tags?post=2114"}],"curies":[{"name":"wp","href":"https:\/\/api.w.org\/{rel}","templated":true}]}}