{"id":1845,"date":"2016-07-20T13:26:43","date_gmt":"2016-07-20T12:26:43","guid":{"rendered":"https:\/\/outsiderland.com\/dehors\/?p=1845"},"modified":"2024-07-24T07:59:30","modified_gmt":"2024-07-24T07:59:30","slug":"friches-et-pastoralisme-paysage-et-biodiversite","status":"publish","type":"post","link":"https:\/\/outsiderland.com\/danahilliot\/friches-et-pastoralisme-paysage-et-biodiversite\/","title":{"rendered":"Friches et pastoralisme \/ Paysage et biodiversit\u00e9"},"content":{"rendered":"<p>Aux alentours de chez moi, \u00e0 l&rsquo;altitude de 1250 m\u00e8tres environ, on trouve deux espaces forestiers.<\/p>\n<p><img decoding=\"async\" class=\"aligncenter size-large wp-image-5326\" src=\"https:\/\/outsiderland.com\/danahilliot\/wp-content\/uploads\/2016\/07\/Capture-decran_2024-07-23_16-02-20-1024x633.png\" alt=\"\" width=\"1024\" height=\"633\" srcset=\"https:\/\/outsiderland.com\/danahilliot\/wp-content\/uploads\/2016\/07\/Capture-decran_2024-07-23_16-02-20-1024x633.png 1024w, https:\/\/outsiderland.com\/danahilliot\/wp-content\/uploads\/2016\/07\/Capture-decran_2024-07-23_16-02-20-300x186.png 300w, https:\/\/outsiderland.com\/danahilliot\/wp-content\/uploads\/2016\/07\/Capture-decran_2024-07-23_16-02-20-768x475.png 768w, https:\/\/outsiderland.com\/danahilliot\/wp-content\/uploads\/2016\/07\/Capture-decran_2024-07-23_16-02-20-1280x792.png 1280w, https:\/\/outsiderland.com\/danahilliot\/wp-content\/uploads\/2016\/07\/Capture-decran_2024-07-23_16-02-20.png 1305w\" sizes=\"(max-width: 1024px) 100vw, 1024px\" \/><\/p>\n<p>La for\u00eat du Ch\u00e9 (au nord sur la carte ci-dessus) est une plantation r\u00e9cente (ann\u00e9es 60), tr\u00e8s majoritairement compos\u00e9e de r\u00e9sineux. Autrefois on y trouvait avant tout de la lande, et des parcours communaux utilis\u00e9s par les brebis.<\/p>\n<p>L&rsquo;origine du bois des Fraux (au sud sur la carte ci-dessous), de superficie plus modeste, est bien plus ancienne &#8211; d&rsquo;aussi longtemps qu&rsquo;on s&rsquo;en souvienne, il y avait de la for\u00eat \u00e0 cet endroit. Mais la carte de Cassini permet de compl\u00e9ter nos souvenirs et, en la consultant, on remarque qu&rsquo;au XVIII\u00e8 si\u00e8cle, la partie occidentale des communes de Valu\u00e9juols et Saint-Maurice est enti\u00e8rement couvert de <a href=\"http:\/\/cassini.ehess.fr\/cassini\/fr\/html\/vegetation.htm\">ce que le cartographe de l&rsquo;\u00e9poque appelle des <em>brouissailles<\/em><\/a> (sic) :<\/p>\n<p><a href=\"http:\/\/cassini.ehess.fr\/fr\/html\/vegetation.htm\">http:\/\/cassini.ehess.fr\/fr\/html\/vegetation.htm<\/a><\/p>\n<p>De nos jours, la for\u00eat du Ch\u00e9 et le bois des Fraux constituent des \u00eelots bois\u00e9s au milieu des estives &#8211; prairies de p\u00e2turage \u00e0 v\u00e9g\u00e9tation rase, de l&rsquo;herbe \u00e0 vaches comme on dit, entrecoup\u00e9es d&rsquo;innombrables ruisseaux et ponctu\u00e9s de burons, la plupart inoccup\u00e9s et souvent en ruines.<\/p>\n<figure id=\"attachment_1871\" aria-describedby=\"caption-attachment-1871\" style=\"width: 1024px\" class=\"wp-caption aligncenter\"><a href=\"https:\/\/outsiderland.com\/danahilliot\/wp-content\/uploads\/2016\/06\/P3050064.jpg\"><img decoding=\"async\" class=\"wp-image-1871 size-large\" src=\"https:\/\/outsiderland.com\/danahilliot\/wp-content\/uploads\/2016\/06\/P3050064-1024x768.jpg\" alt=\"En for\u00eat du Ch\u00e9 (hiver 2016)\" width=\"1024\" height=\"768\" srcset=\"https:\/\/outsiderland.com\/danahilliot\/wp-content\/uploads\/2016\/06\/P3050064-1024x768.jpg 1024w, https:\/\/outsiderland.com\/danahilliot\/wp-content\/uploads\/2016\/06\/P3050064-300x225.jpg 300w, https:\/\/outsiderland.com\/danahilliot\/wp-content\/uploads\/2016\/06\/P3050064-768x576.jpg 768w, https:\/\/outsiderland.com\/danahilliot\/wp-content\/uploads\/2016\/06\/P3050064-590x443.jpg 590w\" sizes=\"(max-width: 1024px) 100vw, 1024px\" \/><\/a><figcaption id=\"caption-attachment-1871\" class=\"wp-caption-text\">En for\u00eat du Ch\u00e9 (hiver 2016)<\/figcaption><\/figure>\n<figure id=\"attachment_1870\" aria-describedby=\"caption-attachment-1870\" style=\"width: 740px\" class=\"wp-caption alignright\"><a href=\"https:\/\/outsiderland.com\/danahilliot\/wp-content\/uploads\/2016\/06\/P3070018.jpg\"><img decoding=\"async\" class=\"wp-image-1870 size-large\" src=\"https:\/\/outsiderland.com\/danahilliot\/wp-content\/uploads\/2016\/06\/P3070018-1024x768.jpg\" alt=\"En for\u00eat du Ch\u00e9 (hiver 2016)\" width=\"740\" height=\"555\" \/><\/a><figcaption id=\"caption-attachment-1870\" class=\"wp-caption-text\">En for\u00eat du Ch\u00e9 (hiver 2016)<\/figcaption><\/figure>\n<p>&nbsp;<\/p>\n<p>&nbsp;<\/p>\n<p>&nbsp;<\/p>\n<p>&nbsp;<\/p>\n<p>&nbsp;<\/p>\n<p>&nbsp;<\/p>\n<p>&nbsp;<\/p>\n<p>&nbsp;<\/p>\n<p>&nbsp;<\/p>\n<p>&nbsp;<\/p>\n<p>&nbsp;<\/p>\n<p>&nbsp;<\/p>\n<p>&nbsp;<\/p>\n<p>&nbsp;<\/p>\n<p>&nbsp;<\/p>\n<p>&nbsp;<\/p>\n<p>Les activit\u00e9s humaines en for\u00eat du Ch\u00e9 sont extr\u00eamement d\u00e9velopp\u00e9es tout au long de l&rsquo;ann\u00e9e : de vastes chemins parfois empierr\u00e9s la traverse, que les \u00e9leveurs utilisent pour mener les b\u00eates dans les estives en altitude. L&rsquo;activit\u00e9 foresti\u00e8re est soutenue, les coupes r\u00e9guli\u00e8res, m\u00eame si certaines parcelles semblent plus \u00ab\u00a0entretenues\u00a0\u00bb que d&rsquo;autres. En hiver, la for\u00eat du Ch\u00e9 s&rsquo;ouvre aux skieurs de fond et \u00e0 la randonn\u00e9e nordique : les sentiers et chemins deviennent des pistes et des itin\u00e9raires d\u00e9di\u00e9s aux pratiques sportives, ludiques et contemplatives &#8211; et en \u00e9t\u00e9, c&rsquo;est un lieu de passage pour les randonneurs p\u00e9destres du GR4 et des cyclistes tout terrain. On y chasse en automne et la cueillette de champignons sous les sapins est une activit\u00e9 assez courue. La pr\u00e9sence humaine s&rsquo;y manifeste donc quotidiennement, malgr\u00e9 la d\u00e9prise agricole qui se fait sentir aux abords de la for\u00eat.<\/p>\n<p>Au bois des Fraux, le paysage est tout diff\u00e9rent. Je m&rsquo;y prom\u00e8ne quasiment une fois par semaine depuis dix ans, et je suis frapp\u00e9 par l&rsquo;\u00e9tat des chemins et des sentiers : au fur et \u00e0 mesure des ann\u00e9es, certains passages sont d\u00e9sormais couverts de v\u00e9g\u00e9tation, on ne voit plus la terre, except\u00e9 l\u00e0 o\u00f9 passent encore les rares engins forestiers. Les troupeaux, autour de la for\u00eat, se font rares : les tracteurs \u00e9galement, et du coup, la repousse est favoris\u00e9e. Sur certaines parcelles, le travail des agents de l&rsquo;ONF est patent, mais d&rsquo;autres parcelles semblent \u00ab\u00a0laiss\u00e9es \u00e0 l&rsquo;abandon\u00a0\u00bb (ce qui n&rsquo;est pas tout \u00e0 fait le cas \u00e9videmment, du point de vue de l&rsquo;ONF). Les traces des temp\u00eates et notamment la fameuse temp\u00eate de 1999, Lothar, sont visibles \u00e0 ces endroits, o\u00f9 la couverture de bois mort au sol reste importante.<\/p>\n<p>La pr\u00e9sence humaine au bois des Fraux d\u00e9pend de la saison. \u00c0 la fin de l&rsquo;\u00e9t\u00e9 et durant tout l&rsquo;automne, les chasseurs et les cueilleurs (principalement des habitants des villages alentour) viennent assez r\u00e9guli\u00e8rement : certains coins de la for\u00eat sont litt\u00e9ralement couvertes de myrtilliers et de framboisiers, sans parler des champignons. Mais en dehors de cette p\u00e9riode, les bois sont plus calmes : immanquablement, \u00e0 la fin du jour, Monsieur Tuph\u00e9, l&rsquo;apiculteur, vient inspecter ses ruches et prendre soin de ses abeilles install\u00e9es \u00e0 l&rsquo;entr\u00e9e de la for\u00eat. Mais rares sont les promeneurs en hiver ou au printemps.<\/p>\n<p>Quand je discute de l&rsquo;\u00e9tat de ces deux for\u00eats avec des habitants du cru ou des touristes, un avis majoritaire se fait entendre : la for\u00eat du Ch\u00e9 est une belle for\u00eat mieux entretenue que le vois des Fraux. Sa valeur esth\u00e9tique et paysag\u00e8re est sup\u00e9rieure dans la mesure o\u00f9 les essences bois\u00e9es sont plus homog\u00e8nes (on la qualifie de \u00ab\u00a0for\u00eat bor\u00e9ale\u00a0\u00bb dans les prospectus \u00e0 destinations des touristes hivernaux, \u00e0 cause de l&rsquo;omnipr\u00e9sence des sapins), et parce que les chemins sont \u00ab\u00a0propres\u00a0\u00bb et d\u00e9gag\u00e9s. On regrette au contraire que le bois des Fraux soit \u00ab\u00a0laiss\u00e9 \u00e0 l&rsquo;abandon\u00a0\u00bb, que nombre de sentiers aient disparu, envahis par la v\u00e9g\u00e9tation, que les touristes-randonneurs s&rsquo;y perdent, que la for\u00eat soit \u00ab\u00a0en bordel\u00a0\u00bb (sic), bref, comme le me confiait un promeneur l&rsquo;autre jour, qu&rsquo;elle retourne \u00e0 la friche.<\/p>\n<figure id=\"attachment_1847\" aria-describedby=\"caption-attachment-1847\" style=\"width: 1024px\" class=\"wp-caption aligncenter\"><a href=\"https:\/\/outsiderland.com\/danahilliot\/wp-content\/uploads\/2016\/06\/P2010063.jpg\"><img decoding=\"async\" class=\"wp-image-1847 size-large\" src=\"https:\/\/outsiderland.com\/danahilliot\/wp-content\/uploads\/2016\/06\/P2010063-1024x768.jpg\" alt=\"P2010063\" width=\"1024\" height=\"768\" srcset=\"https:\/\/outsiderland.com\/danahilliot\/wp-content\/uploads\/2016\/06\/P2010063-1024x768.jpg 1024w, https:\/\/outsiderland.com\/danahilliot\/wp-content\/uploads\/2016\/06\/P2010063-300x225.jpg 300w, https:\/\/outsiderland.com\/danahilliot\/wp-content\/uploads\/2016\/06\/P2010063-768x576.jpg 768w, https:\/\/outsiderland.com\/danahilliot\/wp-content\/uploads\/2016\/06\/P2010063-590x443.jpg 590w\" sizes=\"(max-width: 1024px) 100vw, 1024px\" \/><\/a><figcaption id=\"caption-attachment-1847\" class=\"wp-caption-text\">Le bois des Fraux (Printemps)<\/figcaption><\/figure>\n<p>Il n&rsquo;y a rien d&rsquo;\u00e9tonnant dans ce jugement : ce que nous appelons paysage, cette partie du monde \u00e0 laquelle nous attribuons une valeur exprim\u00e9e en terme esth\u00e9tiques, que nous identifions et s\u00e9lectionnons parmi le chaos du visible, c&rsquo;est traditionnellement de la nature sinon anthropis\u00e9e, du moins une nature dans laquelle nous reconnaissons (\u00e0 tort ou \u00e0 raison) l&rsquo;expression d&rsquo;une intentionnalit\u00e9, et partant, d&rsquo;un certain ordre &#8211; elle se rapproche du jardin public en quelque sorte, et rel\u00e8ve de ce qu&rsquo;on appelle la nature \u00ab\u00a0arcadienne\u00a0\u00bb. La for\u00eat du Ch\u00e9 se pr\u00eate mieux \u00e0 cette valorisation paysag\u00e8re que le bois des Fraux.<\/p>\n<p>Cela \u00e9tant, je fais partie de la minorit\u00e9 qui pr\u00e9f\u00e8re le bois des Fraux. La for\u00eat du Ch\u00e9 est am\u00e9nag\u00e9e pour les pratiques humaines, elle partage certaines caract\u00e9ristiques des espaces \u00ab\u00a0publics\u00a0\u00bb, et c&rsquo;est la raison pour laquelle les humains la trouve en m\u00eame temps plus accueillante et plus \u00ab\u00a0belle\u00a0\u00bb &#8211; sa valeur combinant ainsi l&rsquo;esth\u00e9tique et le confort d&rsquo;usage. Le bois des Fraux, c&rsquo;est tout le contraire. Ce pourquoi j&rsquo;aime \u00e0 m&rsquo;y promener en toutes saisons.<\/p>\n<figure id=\"attachment_1846\" aria-describedby=\"caption-attachment-1846\" style=\"width: 1024px\" class=\"wp-caption aligncenter\"><a href=\"https:\/\/outsiderland.com\/danahilliot\/wp-content\/uploads\/2016\/06\/P6190028.jpg\"><img decoding=\"async\" class=\"wp-image-1846 size-large\" src=\"https:\/\/outsiderland.com\/danahilliot\/wp-content\/uploads\/2016\/06\/P6190028-1024x768.jpg\" alt=\"P6190028\" width=\"1024\" height=\"768\" srcset=\"https:\/\/outsiderland.com\/danahilliot\/wp-content\/uploads\/2016\/06\/P6190028-1024x768.jpg 1024w, https:\/\/outsiderland.com\/danahilliot\/wp-content\/uploads\/2016\/06\/P6190028-300x225.jpg 300w, https:\/\/outsiderland.com\/danahilliot\/wp-content\/uploads\/2016\/06\/P6190028-768x576.jpg 768w, https:\/\/outsiderland.com\/danahilliot\/wp-content\/uploads\/2016\/06\/P6190028-590x443.jpg 590w\" sizes=\"(max-width: 1024px) 100vw, 1024px\" \/><\/a><figcaption id=\"caption-attachment-1846\" class=\"wp-caption-text\">Couvert de Myrtilliers au bois des Fraux<\/figcaption><\/figure>\n<p>Ceux qui accordent leur pr\u00e9f\u00e9rence au bois des Fraux lui attribuent d&rsquo;autres vertus et qualit\u00e9s qui en disent sans doute autant sur l&rsquo;environnement que sur le promeneur : il est plus \u00ab\u00a0secret\u00a0\u00bb (moins fr\u00e9quent\u00e9, et donc moins \u00ab\u00a0public\u00a0\u00bb), on appr\u00e9cie sa sauvagerie, sa richesse en biodiversit\u00e9 est incomparable, et malgr\u00e9 sa taille modeste, il offre des \u00e9cosyst\u00e8mes \u00e9tonnants, des zones humides, des clairi\u00e8res d\u00e9gag\u00e9es, et une grande vari\u00e9t\u00e9 de couverts forestiers. \u00c9videmment, ces <em>afficionados<\/em> du bois des Fraux pratiquent la balade et l&rsquo;exploration hors des sentiers battus : qu&rsquo;ils soient chasseurs de b\u00e9casses, cueilleurs de champignons ou photographes naturalistes, souvent solitaires au demeurant, po\u00e8tes et romantiques probablement, ils connaissent le bois mieux que le contenu de leur poche, et savent \u00e0 quel endroit le blaireau a creus\u00e9 sont terrier, o\u00f9 se trouve la bauge aux sangliers, les refuges des chevreuils et les plantes qui poussent autour des zones humides, sans oublier les emplacements o\u00f9 sortent de terre les girolles et les ceps. Ils connaissent \u00e9galement l&#8217;emplacement des deux burons en ruines, cach\u00e9s en plein c\u0153ur de la for\u00eat, et se rep\u00e8rent sans probl\u00e8me quand bien m\u00eame les sentiers humains ont disparu &#8211; ils se contentent de suivre les sentes laiss\u00e9es par les animaux.<\/p>\n<figure id=\"attachment_1852\" aria-describedby=\"caption-attachment-1852\" style=\"width: 1024px\" class=\"wp-caption aligncenter\"><a href=\"https:\/\/outsiderland.com\/danahilliot\/wp-content\/uploads\/2016\/06\/P1170062.jpg\"><img decoding=\"async\" class=\"wp-image-1852 size-large\" src=\"https:\/\/outsiderland.com\/danahilliot\/wp-content\/uploads\/2016\/06\/P1170062-1024x768.jpg\" alt=\"\" width=\"1024\" height=\"768\" srcset=\"https:\/\/outsiderland.com\/danahilliot\/wp-content\/uploads\/2016\/06\/P1170062-1024x768.jpg 1024w, https:\/\/outsiderland.com\/danahilliot\/wp-content\/uploads\/2016\/06\/P1170062-300x225.jpg 300w, https:\/\/outsiderland.com\/danahilliot\/wp-content\/uploads\/2016\/06\/P1170062-768x576.jpg 768w, https:\/\/outsiderland.com\/danahilliot\/wp-content\/uploads\/2016\/06\/P1170062-590x443.jpg 590w\" sizes=\"(max-width: 1024px) 100vw, 1024px\" \/><\/a><figcaption id=\"caption-attachment-1852\" class=\"wp-caption-text\">Ancien buron, clairi\u00e8re au bois des Fraux<\/figcaption><\/figure>\n<p>La comparaison de la biodiversit\u00e9 dans les for\u00eats fortement anthropis\u00e9s, et celles qui le sont moins, a donn\u00e9 lieu \u00e0 quelques \u00e9tudes. On trouvera \u00e9norm\u00e9ment d&rsquo;informations sur le site<a href=\"http:\/\/www.naturalite.fr\/\"> Naturalite.fr<\/a>. Je vous conseille fortement l&rsquo;\u00e9coute et\/ou le visionnage des conf\u00e9rences consacr\u00e9es \u00e0 cette question lors du colloque<em> Biodiversit\u00e9, Naturalit\u00e9, Humanit\u00e9. Pour inspirer la gestion des for\u00eats<\/em> (2008) dont <a href=\"http:\/\/Biodiversit\u00e9, Naturalit\u00e9, Humanit\u00e9. Pour inspirer la gestion des for\u00eats.\">les enregistrements sont pr\u00e9sent\u00e9s ici<\/a>.<\/p>\n<p>&nbsp;<\/p>\n<p>&nbsp;<\/p>\n<p>&nbsp;<\/p>\n","protected":false},"excerpt":{"rendered":"<p>Aux alentours de chez moi, \u00e0 l&rsquo;altitude de 1250 m\u00e8tres environ, on trouve deux espaces forestiers. La for\u00eat du Ch\u00e9 (au nord sur la carte ci-dessus) est une plantation r\u00e9cente (ann\u00e9es 60), tr\u00e8s majoritairement compos\u00e9e de r\u00e9sineux. Autrefois on y trouvait avant tout de la lande, et des parcours communaux utilis\u00e9s par les brebis. L&rsquo;origine&hellip;<\/p>\n <a href=\"https:\/\/outsiderland.com\/danahilliot\/friches-et-pastoralisme-paysage-et-biodiversite\/\" title=\"Friches et pastoralisme \/ Paysage et biodiversit\u00e9\" class=\"entry-more-link\"><span>Read More<\/span> <span class=\"screen-reader-text\">Friches et pastoralisme \/ Paysage et biodiversit\u00e9<\/span><\/a>","protected":false},"author":1,"featured_media":1855,"comment_status":"closed","ping_status":"closed","sticky":false,"template":"","format":"standard","meta":{"Layout":"","footnotes":"","jetpack_publicize_message":"","jetpack_publicize_feature_enabled":true,"jetpack_social_post_already_shared":false,"jetpack_social_options":{"image_generator_settings":{"template":"highway","default_image_id":0,"font":"","enabled":false},"version":2}},"categories":[38,36],"tags":[],"class_list":["entry","author-danah","post-1845","post","type-post","status-publish","format-standard","has-post-thumbnail","category-deep-ecology","category-avenir"],"yoast_head":"<!-- This site is optimized with the Yoast SEO plugin v27.0 - https:\/\/yoast.com\/product\/yoast-seo-wordpress\/ -->\n<title>Friches et pastoralisme \/ Paysage et biodiversit\u00e9 - Outside Dana Hilliot<\/title>\n<meta name=\"robots\" content=\"index, follow, max-snippet:-1, max-image-preview:large, max-video-preview:-1\" \/>\n<link rel=\"canonical\" href=\"https:\/\/outsiderland.com\/danahilliot\/friches-et-pastoralisme-paysage-et-biodiversite\/\" \/>\n<meta property=\"og:locale\" content=\"fr_FR\" \/>\n<meta property=\"og:type\" content=\"article\" \/>\n<meta property=\"og:title\" content=\"Friches et pastoralisme \/ Paysage et biodiversit\u00e9 - Outside Dana Hilliot\" \/>\n<meta property=\"og:description\" content=\"Aux alentours de chez moi, \u00e0 l&rsquo;altitude de 1250 m\u00e8tres environ, on trouve deux espaces forestiers. La for\u00eat du Ch\u00e9 (au nord sur la carte ci-dessus) est une plantation r\u00e9cente (ann\u00e9es 60), tr\u00e8s majoritairement compos\u00e9e de r\u00e9sineux. Autrefois on y trouvait avant tout de la lande, et des parcours communaux utilis\u00e9s par les brebis. L&rsquo;origine&hellip;\" \/>\n<meta property=\"og:url\" content=\"https:\/\/outsiderland.com\/danahilliot\/friches-et-pastoralisme-paysage-et-biodiversite\/\" \/>\n<meta property=\"og:site_name\" content=\"Outside Dana Hilliot\" \/>\n<meta property=\"article:published_time\" content=\"2016-07-20T12:26:43+00:00\" \/>\n<meta property=\"article:modified_time\" content=\"2024-07-24T07:59:30+00:00\" \/>\n<meta property=\"og:image\" content=\"https:\/\/outsiderland.com\/danahilliot\/wp-content\/uploads\/2016\/06\/P1170016.jpg\" \/>\n\t<meta property=\"og:image:width\" content=\"2304\" \/>\n\t<meta property=\"og:image:height\" content=\"1728\" \/>\n\t<meta property=\"og:image:type\" content=\"image\/jpeg\" \/>\n<meta name=\"author\" content=\"danah\" \/>\n<meta name=\"twitter:card\" content=\"summary_large_image\" \/>\n<meta name=\"twitter:label1\" content=\"\u00c9crit par\" \/>\n\t<meta name=\"twitter:data1\" content=\"danah\" \/>\n\t<meta name=\"twitter:label2\" content=\"Dur\u00e9e de lecture estim\u00e9e\" \/>\n\t<meta name=\"twitter:data2\" content=\"7 minutes\" \/>\n<script type=\"application\/ld+json\" class=\"yoast-schema-graph\">{\"@context\":\"https:\/\/schema.org\",\"@graph\":[{\"@type\":\"Article\",\"@id\":\"https:\/\/outsiderland.com\/danahilliot\/friches-et-pastoralisme-paysage-et-biodiversite\/#article\",\"isPartOf\":{\"@id\":\"https:\/\/outsiderland.com\/danahilliot\/friches-et-pastoralisme-paysage-et-biodiversite\/\"},\"author\":{\"name\":\"danah\",\"@id\":\"https:\/\/outsiderland.com\/danahilliot\/#\/schema\/person\/2f9b92e9fff19bccc36638b10510d5ae\"},\"headline\":\"Friches et pastoralisme \/ Paysage et biodiversit\u00e9\",\"datePublished\":\"2016-07-20T12:26:43+00:00\",\"dateModified\":\"2024-07-24T07:59:30+00:00\",\"mainEntityOfPage\":{\"@id\":\"https:\/\/outsiderland.com\/danahilliot\/friches-et-pastoralisme-paysage-et-biodiversite\/\"},\"wordCount\":1378,\"publisher\":{\"@id\":\"https:\/\/outsiderland.com\/danahilliot\/#\/schema\/person\/201a1fef0f5c2897bd65e98bcf6b1179\"},\"image\":{\"@id\":\"https:\/\/outsiderland.com\/danahilliot\/friches-et-pastoralisme-paysage-et-biodiversite\/#primaryimage\"},\"thumbnailUrl\":\"https:\/\/outsiderland.com\/danahilliot\/wp-content\/uploads\/2016\/06\/P1170016.jpg\",\"articleSection\":[\"Deep Ecology\",\"L'avenir de la ruralit\u00e9\"],\"inLanguage\":\"fr-FR\"},{\"@type\":\"WebPage\",\"@id\":\"https:\/\/outsiderland.com\/danahilliot\/friches-et-pastoralisme-paysage-et-biodiversite\/\",\"url\":\"https:\/\/outsiderland.com\/danahilliot\/friches-et-pastoralisme-paysage-et-biodiversite\/\",\"name\":\"Friches et pastoralisme \/ Paysage et biodiversit\u00e9 - Outside Dana Hilliot\",\"isPartOf\":{\"@id\":\"https:\/\/outsiderland.com\/danahilliot\/#website\"},\"primaryImageOfPage\":{\"@id\":\"https:\/\/outsiderland.com\/danahilliot\/friches-et-pastoralisme-paysage-et-biodiversite\/#primaryimage\"},\"image\":{\"@id\":\"https:\/\/outsiderland.com\/danahilliot\/friches-et-pastoralisme-paysage-et-biodiversite\/#primaryimage\"},\"thumbnailUrl\":\"https:\/\/outsiderland.com\/danahilliot\/wp-content\/uploads\/2016\/06\/P1170016.jpg\",\"datePublished\":\"2016-07-20T12:26:43+00:00\",\"dateModified\":\"2024-07-24T07:59:30+00:00\",\"breadcrumb\":{\"@id\":\"https:\/\/outsiderland.com\/danahilliot\/friches-et-pastoralisme-paysage-et-biodiversite\/#breadcrumb\"},\"inLanguage\":\"fr-FR\",\"potentialAction\":[{\"@type\":\"ReadAction\",\"target\":[\"https:\/\/outsiderland.com\/danahilliot\/friches-et-pastoralisme-paysage-et-biodiversite\/\"]}]},{\"@type\":\"ImageObject\",\"inLanguage\":\"fr-FR\",\"@id\":\"https:\/\/outsiderland.com\/danahilliot\/friches-et-pastoralisme-paysage-et-biodiversite\/#primaryimage\",\"url\":\"https:\/\/outsiderland.com\/danahilliot\/wp-content\/uploads\/2016\/06\/P1170016.jpg\",\"contentUrl\":\"https:\/\/outsiderland.com\/danahilliot\/wp-content\/uploads\/2016\/06\/P1170016.jpg\",\"width\":2304,\"height\":1728,\"caption\":\"OLYMPUS DIGITAL CAMERA\"},{\"@type\":\"BreadcrumbList\",\"@id\":\"https:\/\/outsiderland.com\/danahilliot\/friches-et-pastoralisme-paysage-et-biodiversite\/#breadcrumb\",\"itemListElement\":[{\"@type\":\"ListItem\",\"position\":1,\"name\":\"Accueil\",\"item\":\"https:\/\/outsiderland.com\/danahilliot\/\"},{\"@type\":\"ListItem\",\"position\":2,\"name\":\"Friches et pastoralisme \/ Paysage et biodiversit\u00e9\"}]},{\"@type\":\"WebSite\",\"@id\":\"https:\/\/outsiderland.com\/danahilliot\/#website\",\"url\":\"https:\/\/outsiderland.com\/danahilliot\/\",\"name\":\"Outside Dana Hilliot\",\"description\":\". Archives . Activit\u00e9s . Projets .\",\"publisher\":{\"@id\":\"https:\/\/outsiderland.com\/danahilliot\/#\/schema\/person\/201a1fef0f5c2897bd65e98bcf6b1179\"},\"potentialAction\":[{\"@type\":\"SearchAction\",\"target\":{\"@type\":\"EntryPoint\",\"urlTemplate\":\"https:\/\/outsiderland.com\/danahilliot\/?s={search_term_string}\"},\"query-input\":{\"@type\":\"PropertyValueSpecification\",\"valueRequired\":true,\"valueName\":\"search_term_string\"}}],\"inLanguage\":\"fr-FR\"},{\"@type\":[\"Person\",\"Organization\"],\"@id\":\"https:\/\/outsiderland.com\/danahilliot\/#\/schema\/person\/201a1fef0f5c2897bd65e98bcf6b1179\",\"name\":\"danahilliot\",\"image\":{\"@type\":\"ImageObject\",\"inLanguage\":\"fr-FR\",\"@id\":\"https:\/\/outsiderland.com\/danahilliot\/#\/schema\/person\/image\/\",\"url\":\"https:\/\/outsiderland.com\/danahilliot\/wp-content\/uploads\/2026\/02\/50801449407_a909f2c1ad_k.jpg\",\"contentUrl\":\"https:\/\/outsiderland.com\/danahilliot\/wp-content\/uploads\/2026\/02\/50801449407_a909f2c1ad_k.jpg\",\"width\":2048,\"height\":1536,\"caption\":\"danahilliot\"},\"logo\":{\"@id\":\"https:\/\/outsiderland.com\/danahilliot\/#\/schema\/person\/image\/\"}},{\"@type\":\"Person\",\"@id\":\"https:\/\/outsiderland.com\/danahilliot\/#\/schema\/person\/2f9b92e9fff19bccc36638b10510d5ae\",\"name\":\"danah\",\"image\":{\"@type\":\"ImageObject\",\"inLanguage\":\"fr-FR\",\"@id\":\"https:\/\/outsiderland.com\/danahilliot\/#\/schema\/person\/image\/\",\"url\":\"https:\/\/secure.gravatar.com\/avatar\/ed6349755e1d97f204277de3d09fc6ac31abd856835c8ea3c3a30d0aa84b0ddd?s=96&d=mm&r=g\",\"contentUrl\":\"https:\/\/secure.gravatar.com\/avatar\/ed6349755e1d97f204277de3d09fc6ac31abd856835c8ea3c3a30d0aa84b0ddd?s=96&d=mm&r=g\",\"caption\":\"danah\"},\"url\":\"https:\/\/outsiderland.com\/danahilliot\/author\/danah\/\"}]}<\/script>\n<!-- \/ Yoast SEO plugin. -->","yoast_head_json":{"title":"Friches et pastoralisme \/ Paysage et biodiversit\u00e9 - Outside Dana Hilliot","robots":{"index":"index","follow":"follow","max-snippet":"max-snippet:-1","max-image-preview":"max-image-preview:large","max-video-preview":"max-video-preview:-1"},"canonical":"https:\/\/outsiderland.com\/danahilliot\/friches-et-pastoralisme-paysage-et-biodiversite\/","og_locale":"fr_FR","og_type":"article","og_title":"Friches et pastoralisme \/ Paysage et biodiversit\u00e9 - Outside Dana Hilliot","og_description":"Aux alentours de chez moi, \u00e0 l&rsquo;altitude de 1250 m\u00e8tres environ, on trouve deux espaces forestiers. La for\u00eat du Ch\u00e9 (au nord sur la carte ci-dessus) est une plantation r\u00e9cente (ann\u00e9es 60), tr\u00e8s majoritairement compos\u00e9e de r\u00e9sineux. Autrefois on y trouvait avant tout de la lande, et des parcours communaux utilis\u00e9s par les brebis. L&rsquo;origine&hellip;","og_url":"https:\/\/outsiderland.com\/danahilliot\/friches-et-pastoralisme-paysage-et-biodiversite\/","og_site_name":"Outside Dana Hilliot","article_published_time":"2016-07-20T12:26:43+00:00","article_modified_time":"2024-07-24T07:59:30+00:00","og_image":[{"width":2304,"height":1728,"url":"https:\/\/outsiderland.com\/danahilliot\/wp-content\/uploads\/2016\/06\/P1170016.jpg","type":"image\/jpeg"}],"author":"danah","twitter_card":"summary_large_image","twitter_misc":{"\u00c9crit par":"danah","Dur\u00e9e de lecture estim\u00e9e":"7 minutes"},"schema":{"@context":"https:\/\/schema.org","@graph":[{"@type":"Article","@id":"https:\/\/outsiderland.com\/danahilliot\/friches-et-pastoralisme-paysage-et-biodiversite\/#article","isPartOf":{"@id":"https:\/\/outsiderland.com\/danahilliot\/friches-et-pastoralisme-paysage-et-biodiversite\/"},"author":{"name":"danah","@id":"https:\/\/outsiderland.com\/danahilliot\/#\/schema\/person\/2f9b92e9fff19bccc36638b10510d5ae"},"headline":"Friches et pastoralisme \/ Paysage et biodiversit\u00e9","datePublished":"2016-07-20T12:26:43+00:00","dateModified":"2024-07-24T07:59:30+00:00","mainEntityOfPage":{"@id":"https:\/\/outsiderland.com\/danahilliot\/friches-et-pastoralisme-paysage-et-biodiversite\/"},"wordCount":1378,"publisher":{"@id":"https:\/\/outsiderland.com\/danahilliot\/#\/schema\/person\/201a1fef0f5c2897bd65e98bcf6b1179"},"image":{"@id":"https:\/\/outsiderland.com\/danahilliot\/friches-et-pastoralisme-paysage-et-biodiversite\/#primaryimage"},"thumbnailUrl":"https:\/\/outsiderland.com\/danahilliot\/wp-content\/uploads\/2016\/06\/P1170016.jpg","articleSection":["Deep Ecology","L'avenir de la ruralit\u00e9"],"inLanguage":"fr-FR"},{"@type":"WebPage","@id":"https:\/\/outsiderland.com\/danahilliot\/friches-et-pastoralisme-paysage-et-biodiversite\/","url":"https:\/\/outsiderland.com\/danahilliot\/friches-et-pastoralisme-paysage-et-biodiversite\/","name":"Friches et pastoralisme \/ Paysage et biodiversit\u00e9 - Outside Dana Hilliot","isPartOf":{"@id":"https:\/\/outsiderland.com\/danahilliot\/#website"},"primaryImageOfPage":{"@id":"https:\/\/outsiderland.com\/danahilliot\/friches-et-pastoralisme-paysage-et-biodiversite\/#primaryimage"},"image":{"@id":"https:\/\/outsiderland.com\/danahilliot\/friches-et-pastoralisme-paysage-et-biodiversite\/#primaryimage"},"thumbnailUrl":"https:\/\/outsiderland.com\/danahilliot\/wp-content\/uploads\/2016\/06\/P1170016.jpg","datePublished":"2016-07-20T12:26:43+00:00","dateModified":"2024-07-24T07:59:30+00:00","breadcrumb":{"@id":"https:\/\/outsiderland.com\/danahilliot\/friches-et-pastoralisme-paysage-et-biodiversite\/#breadcrumb"},"inLanguage":"fr-FR","potentialAction":[{"@type":"ReadAction","target":["https:\/\/outsiderland.com\/danahilliot\/friches-et-pastoralisme-paysage-et-biodiversite\/"]}]},{"@type":"ImageObject","inLanguage":"fr-FR","@id":"https:\/\/outsiderland.com\/danahilliot\/friches-et-pastoralisme-paysage-et-biodiversite\/#primaryimage","url":"https:\/\/outsiderland.com\/danahilliot\/wp-content\/uploads\/2016\/06\/P1170016.jpg","contentUrl":"https:\/\/outsiderland.com\/danahilliot\/wp-content\/uploads\/2016\/06\/P1170016.jpg","width":2304,"height":1728,"caption":"OLYMPUS DIGITAL CAMERA"},{"@type":"BreadcrumbList","@id":"https:\/\/outsiderland.com\/danahilliot\/friches-et-pastoralisme-paysage-et-biodiversite\/#breadcrumb","itemListElement":[{"@type":"ListItem","position":1,"name":"Accueil","item":"https:\/\/outsiderland.com\/danahilliot\/"},{"@type":"ListItem","position":2,"name":"Friches et pastoralisme \/ Paysage et biodiversit\u00e9"}]},{"@type":"WebSite","@id":"https:\/\/outsiderland.com\/danahilliot\/#website","url":"https:\/\/outsiderland.com\/danahilliot\/","name":"Outside Dana Hilliot","description":". Archives . Activit\u00e9s . Projets .","publisher":{"@id":"https:\/\/outsiderland.com\/danahilliot\/#\/schema\/person\/201a1fef0f5c2897bd65e98bcf6b1179"},"potentialAction":[{"@type":"SearchAction","target":{"@type":"EntryPoint","urlTemplate":"https:\/\/outsiderland.com\/danahilliot\/?s={search_term_string}"},"query-input":{"@type":"PropertyValueSpecification","valueRequired":true,"valueName":"search_term_string"}}],"inLanguage":"fr-FR"},{"@type":["Person","Organization"],"@id":"https:\/\/outsiderland.com\/danahilliot\/#\/schema\/person\/201a1fef0f5c2897bd65e98bcf6b1179","name":"danahilliot","image":{"@type":"ImageObject","inLanguage":"fr-FR","@id":"https:\/\/outsiderland.com\/danahilliot\/#\/schema\/person\/image\/","url":"https:\/\/outsiderland.com\/danahilliot\/wp-content\/uploads\/2026\/02\/50801449407_a909f2c1ad_k.jpg","contentUrl":"https:\/\/outsiderland.com\/danahilliot\/wp-content\/uploads\/2026\/02\/50801449407_a909f2c1ad_k.jpg","width":2048,"height":1536,"caption":"danahilliot"},"logo":{"@id":"https:\/\/outsiderland.com\/danahilliot\/#\/schema\/person\/image\/"}},{"@type":"Person","@id":"https:\/\/outsiderland.com\/danahilliot\/#\/schema\/person\/2f9b92e9fff19bccc36638b10510d5ae","name":"danah","image":{"@type":"ImageObject","inLanguage":"fr-FR","@id":"https:\/\/outsiderland.com\/danahilliot\/#\/schema\/person\/image\/","url":"https:\/\/secure.gravatar.com\/avatar\/ed6349755e1d97f204277de3d09fc6ac31abd856835c8ea3c3a30d0aa84b0ddd?s=96&d=mm&r=g","contentUrl":"https:\/\/secure.gravatar.com\/avatar\/ed6349755e1d97f204277de3d09fc6ac31abd856835c8ea3c3a30d0aa84b0ddd?s=96&d=mm&r=g","caption":"danah"},"url":"https:\/\/outsiderland.com\/danahilliot\/author\/danah\/"}]}},"jetpack_publicize_connections":[],"_links":{"self":[{"href":"https:\/\/outsiderland.com\/danahilliot\/wp-json\/wp\/v2\/posts\/1845","targetHints":{"allow":["GET"]}}],"collection":[{"href":"https:\/\/outsiderland.com\/danahilliot\/wp-json\/wp\/v2\/posts"}],"about":[{"href":"https:\/\/outsiderland.com\/danahilliot\/wp-json\/wp\/v2\/types\/post"}],"author":[{"embeddable":true,"href":"https:\/\/outsiderland.com\/danahilliot\/wp-json\/wp\/v2\/users\/1"}],"replies":[{"embeddable":true,"href":"https:\/\/outsiderland.com\/danahilliot\/wp-json\/wp\/v2\/comments?post=1845"}],"version-history":[{"count":5,"href":"https:\/\/outsiderland.com\/danahilliot\/wp-json\/wp\/v2\/posts\/1845\/revisions"}],"predecessor-version":[{"id":5328,"href":"https:\/\/outsiderland.com\/danahilliot\/wp-json\/wp\/v2\/posts\/1845\/revisions\/5328"}],"wp:featuredmedia":[{"embeddable":true,"href":"https:\/\/outsiderland.com\/danahilliot\/wp-json\/wp\/v2\/media\/1855"}],"wp:attachment":[{"href":"https:\/\/outsiderland.com\/danahilliot\/wp-json\/wp\/v2\/media?parent=1845"}],"wp:term":[{"taxonomy":"category","embeddable":true,"href":"https:\/\/outsiderland.com\/danahilliot\/wp-json\/wp\/v2\/categories?post=1845"},{"taxonomy":"post_tag","embeddable":true,"href":"https:\/\/outsiderland.com\/danahilliot\/wp-json\/wp\/v2\/tags?post=1845"}],"curies":[{"name":"wp","href":"https:\/\/api.w.org\/{rel}","templated":true}]}}