{"id":1528,"date":"2016-04-04T10:29:20","date_gmt":"2016-04-04T09:29:20","guid":{"rendered":"https:\/\/outsiderland.com\/dehors\/?p=1528"},"modified":"2016-04-04T10:29:20","modified_gmt":"2016-04-04T09:29:20","slug":"larbre-le-maire-et-la-mediatheque","status":"publish","type":"post","link":"https:\/\/outsiderland.com\/danahilliot\/larbre-le-maire-et-la-mediatheque\/","title":{"rendered":"L&rsquo;Arbre, le Maire et la M\u00e9diath\u00e8que"},"content":{"rendered":"<p>L&rsquo;arbre, le maire et la m\u00e9diath\u00e8que, sorti en 1993, est un de rares films \u00ab\u00a0politiques\u00a0\u00bb de Rohmer. On y explore le c\u0153ur m\u00eame de la politique, mais par le tout petit bout de la lorgnette : son champ d&rsquo;investigation se concentre sur un petit village du sud de la Vend\u00e9e &#8211; c&rsquo;est important qu&rsquo;il soit au sud, parce que le sud du d\u00e9partement est une terre \u00ab\u00a0de gauche\u00a0\u00bb, le nord constituant le domaine r\u00e9serv\u00e9 d&rsquo;une droite nostalgique de l&rsquo;ancien r\u00e9gime, incarn\u00e9 de nos jours dans la figure de Philippe de Villiers et son parc d&rsquo;attraction, le Puy du Fou. Son personnage principal, dont les paradoxes constituent le sujet m\u00eame du film, le maire, est un propri\u00e9taire terrain qui partage sa vie entre Paris et la Vend\u00e9e, et qui, malgr\u00e9 sa d\u00e9faite r\u00e9cente aux cantonales, s&rsquo;imagine promis \u00e0 un destin politique un peu moins local. Le contexte historique est extr\u00eamement pr\u00e9cis : le film se situe entre deux \u00e9ch\u00e9ances \u00e9lectorales, les cantonales\/r\u00e9gionales de 1992 et les l\u00e9gislatives de 1993 &#8211; l&rsquo;\u00e9chec de la gauche au pouvoir va entra\u00eener une nouvelle cohabitation (Mitterrand \/ Balladur). Ce contexte s&rsquo;av\u00e8re donc tr\u00e8s d\u00e9favorable pour un jeune \u00e9lu du PS comme l&rsquo;est le maire de Saint-Juire.<\/p>\n<p>On est tr\u00e8s loin dans le traitement de la satire politique \u00e0 la Yves Boisset par exemple, ou encore de la puissance tragique du film de <span class=\"st\">Pierre Schoeller<\/span>, L&rsquo;exercice de l&rsquo;\u00c9tat (2011). Comme souvent chez Rohmer, le ton semble \u00eatre celui de la badinerie, on pourrait presque parler d&rsquo;un marivaudage politique, marqu\u00e9 par une constante ironie &#8211; que les personnages f\u00e9minins insufflent entre les discours et les postures des personnages masculins. La trame sc\u00e9naristique marqu\u00e9e par l&rsquo;artifice formel des \u00e9criteaux qui viennent scander le film \u00e0 sept reprises, \u00e0 l&rsquo;instar des panneaux explicatifs du cin\u00e9ma muet, semble indiquer que l&rsquo;intention de Rohmer n&rsquo;\u00e9tait pas tant d&rsquo;\u00e9crire un film \u00ab\u00a0politique\u00a0\u00bb que d&rsquo;offrir une r\u00e9flexion sur le hasard et la n\u00e9cessit\u00e9 &#8211; ce que l&rsquo;\u00e9mission de France Culture qu&rsquo;on entend dans l&rsquo;appartement de la journaliste, \u00e9mission consacr\u00e9e \u00e0 l&rsquo;impond\u00e9rable, vient rappeler. Cette ambition philosophique n&rsquo;est pas vraiment une r\u00e9ussite, \u00e0 mon sens (et les critiques l&rsquo;ont relev\u00e9 aussi).<\/p>\n<p>\u00c0 partir d&rsquo;une question apparemment anodine : qui donc est le maire de Saint-Juire, qui est-il donc \u00ab\u00a0vraiment\u00a0\u00bb, se d\u00e9ploie en r\u00e9alit\u00e9 une probl\u00e9matique politique bien plus vaste et qui nous concerne tous autant que nous sommes, en tant que citoyens (a fortiori si nous habitons une commune rurale) &#8211; et ceci est valable dans une certaine mesure, en 2016, soit 33 ans apr\u00e8s la sortie du film. Le maire, que Pascal Gr\u00e9gory\u00a0 interpr\u00e8te avec beaucoup de finesse, se trouve pris entre deux discours (en r\u00e9alit\u00e9, beaucoup plus que deux, mais qu&rsquo;importe) : ceux que symbolisent respectivement l&rsquo;arbre et la m\u00e9diath\u00e8que. Ces deux discours sont enti\u00e8rement issus du champ politique, et m\u00eame, d\u00e9couvre-t-on assez rapidement, du champ de la politique \u00ab\u00a0politicienne\u00a0\u00bb, comme on dit, de la cuisine \u00e9lectorale, des jeux de pouvoir. On n&rsquo;attendra pas qu&rsquo;autour de l&rsquo;arbre vienne se d\u00e9ployer une r\u00e9flexion complexe sur l&rsquo;environnement : ce pauvre saule blanc qui a surv\u00e9cu par miracle au milieu du pr\u00e9 communal constitue plut\u00f4t une variable \u00e9lectorale, ce dont il faut tenir compte dans les discours compte tenu des succ\u00e8s pass\u00e9s des partis \u00e9cologistes (lequel succ\u00e8s va d&rsquo;ailleurs retomber assez vite aux \u00e9lections l\u00e9gislatives). M\u00eame destin que celui de la m\u00e9diath\u00e8que &#8211; il n&rsquo;est pas tant question de culture, que de marquer le territoire par un symbole \u00e9vident \u00e0 l&rsquo;\u00e9poque de la politique culturelle de la gauche au pouvoir : la transformation, typique des ann\u00e9es 80, sous l&rsquo;impulsion du grand projet de Jack Lang (l&rsquo;acc\u00e8s \u00e0 la culture pour tous, la valorisation des formes populaires de productions culturelles, contre les formes \u00e9litistes qui pr\u00e9valait jusqu&rsquo;alors, etc.), des biblioth\u00e8ques en m\u00e9diath\u00e8que. Il s&rsquo;agit donc, pour le maire, d&rsquo;\u00eatre de \u00ab\u00a0gauche\u00a0\u00bb, en maniant un signifiant typique de son camp. D&rsquo;ailleurs, l&rsquo;intention vient de bien plus haut : c&rsquo;est parce que le minist\u00e8re de la culture a d\u00e9cr\u00e9t\u00e9 une subvention d&rsquo;importance pour la r\u00e9alisation d&rsquo;un grand projet culturel sur ce territoire (le sud Vend\u00e9e), dans le cadre de la d\u00e9centralisation, que ce projet est \u00e0 l&rsquo;ordre du jour sur cette petite commune oubli\u00e9e. L&rsquo;id\u00e9e n&rsquo;est pas n\u00e9e du terroir pourrait-on dire, ni de l&rsquo;esprit du maire ni de la volont\u00e9 des habitants : c&rsquo;est d&rsquo;ailleurs un point que viendra souligner non sans ironie l&rsquo;enqu\u00eate anthropologique que m\u00e8ne la journaliste d&rsquo;Apr\u00e8s-Demain sur le terrain &#8211; les habitants ne r\u00eavent pas d&rsquo;une m\u00e9diath\u00e8que, ni d&rsquo;une piscine, ni d&rsquo;un th\u00e9\u00e2tre de verdure : ils ont d&rsquo;autres pr\u00e9occupations.<\/p>\n<p>Les ann\u00e9es 80 et 90 ont vu nombre de grands projets d&rsquo;\u00e9tablir au sein des communes rurales, y compris les plus modestes. Quelques d\u00e9cennies plus tard, l&rsquo;heure est \u00e0 la restriction budg\u00e9taire, \u00e0 la diminution d&rsquo;autonomie des communes et des d\u00e9partements au profit des ComCom et des r\u00e9gions, on fait le bilan des \u00e9quipements dispos\u00e9s sur le territoire et, \u00e0 certains endroits, c&rsquo;est \u00e9difiant : les salles polyvalentes, les m\u00e9diath\u00e8ques,\u00a0 les gymnases, semblent avoir pouss\u00e9 autrefois en d\u00e9pit du bon sens, et quand on compare les frais d&rsquo;entretiens de ces \u00e9quipements co\u00fbteux et leur taux r\u00e9els d&rsquo;utilisation, certains \u00e9conomistes s&rsquo;\u00e9tranglent dans leur barbe. D\u00e9j\u00e0, en 1994, Jacques L\u00e9vy, un g\u00e9ographe fran\u00e7ais, s&rsquo;en indignait dans un article au titre provocateur : \u00ab\u00a0Oser le d\u00e9sert ? Des pays sans paysans\u00a0\u00bb, en prenant acte d&rsquo;une part de l&rsquo;urbanisation de fait des modes de vie dans les espaces ruraux, et d&rsquo;autre part, du co\u00fbt du maintien des populations en milieu (hyper-)rural, co\u00fbt support\u00e9 par les villes &#8211; d&rsquo;o\u00f9 une forme \u00e9crivait-il d&rsquo;injustice spatiale (comme le dit avec acrimonie l&rsquo;instituteur, ils voudraient nous faire croire que le village est la banlieue de Lusson, qui est la banlieue de Nantes, qui est la banlieue de Paris).<\/p>\n<p>La France est un \u00e9tat jacobin, centralis\u00e9 (et ne cesse de l&rsquo;\u00eatre malgr\u00e9 tous les discours qui s&rsquo;en d\u00e9fendent) &#8211; ce qui est bon pour Paris est bon pour la France, ce qui est bon pour Lyon dira-t-on bient\u00f4t, est bon pour le Cantal &#8211; Tocqueville, de retour de son voyage enqu\u00eate aux Am\u00e9riques, consid\u00e8re que tel \u00e9tait d\u00e9j\u00e0 le cas sous l&rsquo;ancien r\u00e9gime, avant la r\u00e9volution fran\u00e7aise et les jacobins : dans le nouveau Monde au contraire, il observe une organisation d\u00e9mocratique beaucoup plus localis\u00e9e, chaque village et chaque comt\u00e9 constitue une entit\u00e9 beaucoup plus autonome politiquement qu&rsquo;en Europe. En France, la d\u00e9cision, les projets et les arbitrages viennent toujours d&rsquo;en haut, la structure du pouvoir est forc\u00e9ment verticale. Pierre Manent, philosophe politique d&rsquo;inspiration lib\u00e9rale (au sens du lib\u00e9ralisme politique) parle volontiers, reprenant l&rsquo;expression des id\u00e9alistes allemand, de <em>despotisme<\/em> (pr\u00e9tendument) <em>\u00e9clair\u00e9<\/em>. L&rsquo;\u00e9lite sait ce qui est bon pour le peuple, lequel doit se contenter de voter une fois tous les cinq ans, en g\u00e9n\u00e9ral pour un notable (plus ou moins) local, ce vote valant blanc-seing pour toute la dur\u00e9e de la mandature. C&rsquo;est particuli\u00e8rement vrai des politiques culturelles, qui n&rsquo;ont cess\u00e9 de constituer le pr\u00e9-carr\u00e9 ou la chasse gard\u00e9e des \u00e9lites.<\/p>\n<p>Car l&rsquo;arbre et la m\u00e9diath\u00e8que c&rsquo;est aussi l&rsquo;opposition de la ruralit\u00e9 et de l&rsquo;urbanit\u00e9, de la campagne et de la ville, qui s&rsquo;incarne dans la position du maire : propri\u00e9taire terrien, ch\u00e2telain m\u00eame, qui se r\u00e9clame d&rsquo;un ancrage rural auquel sa compagne, l&rsquo;\u00e9crivain parisien, moqueuse, ne croit pas une seconde, et menant la plupart de ses affaires \u00e0 Paris, apparemment port\u00e9 par une ambition politique, \u00e0 laquelle la journaliste, ironique, ne semble pas croire non plus. Bref, notre maire est un paradoxe ambulant, maladroit et peu cr\u00e9dible, et malgr\u00e9 tout attachant &#8211; ce que la fameuse sc\u00e8ne avec la fille de l&rsquo;instituteur vient relever : car la seule qu&rsquo;il finit par \u00e9couter vraiment, c&rsquo;est cette gamine de dix ans. Notons qu&rsquo;\u00e0 aucun moment, le dialogue n&rsquo;aura \u00e9t\u00e9 possible entre l&rsquo;instituteur et le maire, deux hommes condamn\u00e9s dans leur discours, sinon indirectement, par l&rsquo;entremise d&rsquo;un enfant !<\/p>\n<p>La dynamique psychologique du film repose sur cette tension entre les discours et la parole. L&rsquo;enqu\u00eate ethnographique men\u00e9e par la journaliste aupr\u00e8s des habitants du village, enqu\u00eate qui fait contrepoint \u00e0 la longue sc\u00e8ne durant laquelle l&rsquo;\u00e9crivaine montre qu&rsquo;elle ne \u00ab\u00a0comprend rien\u00a0\u00bb \u00e0 la ruralit\u00e9, constitue de ce point de vue-l\u00e0 le c\u0153ur nodal du film :\u00a0 faire entendre la parole des gens qu&rsquo;on n&rsquo;\u00e9coute jamais, ni n&rsquo;interroge et au fond mener ainsi une critique de la d\u00e9mocratie \u00e0 la fran\u00e7aise, un point de vue d\u00e9sabus\u00e9 sur cette d\u00e9mocratie. Le r\u00f4le vital des femmes (l&rsquo;\u00e9crivaine, la journaliste, la fille de l&rsquo;instituteur) qui cherchent \u00e0 d\u00e9stabiliser le maire en d\u00e9voilant la raideur et le poids des discours qui lui tiennent lieu de parole indique assez bien que chez Rohmer, un certain espoir pourrait venir des femmes &#8211; la fille de l&rsquo;instituteur se r\u00eave en d\u00e9put\u00e9e. Le maire est lui-m\u00eame un objet politique, les discours qu&rsquo;il tient le condamnent \u00e0 l&rsquo;inauthenticit\u00e9, voil\u00e0 ce que d\u00e9noncent les femmes qui l&rsquo;entourent. Et si la m\u00e9diath\u00e8que, finalement, ne voit pas le jour, suite, forc\u00e9ment,\u00a0 \u00e0 une obscure d\u00e9cision \u00ab\u00a0d&rsquo;en haut\u00a0\u00bb, c&rsquo;est tout b\u00e9n\u00e9fice pour lui : dans les derni\u00e8res sc\u00e8nes, quand il rencontre \u00e0 nouveau la journaliste (elle-m\u00eame ayant d\u00e9missionn\u00e9 du journal \u00ab\u00a0politique\u00a0\u00bb pour lequel elle travaillait), il semble lib\u00e9r\u00e9 du poids de ces discours. On retrouve l\u00e0 un th\u00e8me central dans le cin\u00e9ma de Rohmer, qui en fait le cin\u00e9aste par excellence de la parole, en opposition au discours : on devine chez la plupart de ses personnages, les plus attachants en tous cas, cette recherche d&rsquo;une sinc\u00e9rit\u00e9 possible, d&rsquo;une parole sinc\u00e8re (sinon vraie), dans une perspective presque lacanienne.<\/p>\n<p>&nbsp;<\/p>\n<p>(pour aller plus loin, sur le jacobinisme et l&rsquo;illib\u00e9ralisme fran\u00e7ais, on lire avec profit le libre de Pierre Rosanvallon,<em> Le mod\u00e8le Fran\u00e7ais<\/em> : <a href=\"http:\/\/www.seuil.com\/livre-9782020855082.htm\" target=\"_blank\">http:\/\/www.seuil.com\/livre-9782020855082.htm<\/a> )<\/p>\n","protected":false},"excerpt":{"rendered":"<p>L&rsquo;arbre, le maire et la m\u00e9diath\u00e8que, sorti en 1993, est un de rares films \u00ab\u00a0politiques\u00a0\u00bb de Rohmer. On y explore le c\u0153ur m\u00eame de la politique, mais par le tout petit bout de la lorgnette : son champ d&rsquo;investigation se concentre sur un petit village du sud de la Vend\u00e9e &#8211; c&rsquo;est important qu&rsquo;il soit&hellip;<\/p>\n <a href=\"https:\/\/outsiderland.com\/danahilliot\/larbre-le-maire-et-la-mediatheque\/\" title=\"L&rsquo;Arbre, le Maire et la M\u00e9diath\u00e8que\" class=\"entry-more-link\"><span>Read More<\/span> <span class=\"screen-reader-text\">L&rsquo;Arbre, le Maire et la M\u00e9diath\u00e8que<\/span><\/a>","protected":false},"author":1,"featured_media":1544,"comment_status":"closed","ping_status":"closed","sticky":false,"template":"","format":"standard","meta":{"Layout":"","footnotes":"","jetpack_publicize_message":"","jetpack_publicize_feature_enabled":true,"jetpack_social_post_already_shared":false,"jetpack_social_options":{"image_generator_settings":{"template":"highway","default_image_id":0,"font":"","enabled":false},"version":2}},"categories":[57,36],"tags":[],"class_list":["entry","author-danah","post-1528","post","type-post","status-publish","format-standard","has-post-thumbnail","category-articles","category-avenir"],"yoast_head":"<!-- This site is optimized with the Yoast SEO plugin v27.0 - https:\/\/yoast.com\/product\/yoast-seo-wordpress\/ -->\n<title>L&#039;Arbre, le Maire et la M\u00e9diath\u00e8que - Outside Dana Hilliot<\/title>\n<meta name=\"robots\" content=\"index, follow, max-snippet:-1, max-image-preview:large, max-video-preview:-1\" \/>\n<link rel=\"canonical\" href=\"https:\/\/outsiderland.com\/danahilliot\/larbre-le-maire-et-la-mediatheque\/\" \/>\n<meta property=\"og:locale\" content=\"fr_FR\" \/>\n<meta property=\"og:type\" content=\"article\" \/>\n<meta property=\"og:title\" content=\"L&#039;Arbre, le Maire et la M\u00e9diath\u00e8que - Outside Dana Hilliot\" \/>\n<meta property=\"og:description\" content=\"L&rsquo;arbre, le maire et la m\u00e9diath\u00e8que, sorti en 1993, est un de rares films \u00ab\u00a0politiques\u00a0\u00bb de Rohmer. On y explore le c\u0153ur m\u00eame de la politique, mais par le tout petit bout de la lorgnette : son champ d&rsquo;investigation se concentre sur un petit village du sud de la Vend\u00e9e &#8211; c&rsquo;est important qu&rsquo;il soit&hellip;\" \/>\n<meta property=\"og:url\" content=\"https:\/\/outsiderland.com\/danahilliot\/larbre-le-maire-et-la-mediatheque\/\" \/>\n<meta property=\"og:site_name\" content=\"Outside Dana Hilliot\" \/>\n<meta property=\"article:published_time\" content=\"2016-04-04T09:29:20+00:00\" \/>\n<meta property=\"og:image\" content=\"https:\/\/outsiderland.com\/danahilliot\/wp-content\/uploads\/2016\/04\/l-arbre-le-maire-et-la-mediatheque.jpg\" \/>\n\t<meta property=\"og:image:width\" content=\"1023\" \/>\n\t<meta property=\"og:image:height\" content=\"681\" \/>\n\t<meta property=\"og:image:type\" content=\"image\/jpeg\" \/>\n<meta name=\"author\" content=\"danah\" \/>\n<meta name=\"twitter:card\" content=\"summary_large_image\" \/>\n<meta name=\"twitter:label1\" content=\"\u00c9crit par\" \/>\n\t<meta name=\"twitter:data1\" content=\"danah\" \/>\n\t<meta name=\"twitter:label2\" content=\"Dur\u00e9e de lecture estim\u00e9e\" \/>\n\t<meta name=\"twitter:data2\" content=\"9 minutes\" \/>\n<script type=\"application\/ld+json\" class=\"yoast-schema-graph\">{\"@context\":\"https:\/\/schema.org\",\"@graph\":[{\"@type\":\"Article\",\"@id\":\"https:\/\/outsiderland.com\/danahilliot\/larbre-le-maire-et-la-mediatheque\/#article\",\"isPartOf\":{\"@id\":\"https:\/\/outsiderland.com\/danahilliot\/larbre-le-maire-et-la-mediatheque\/\"},\"author\":{\"name\":\"danah\",\"@id\":\"https:\/\/outsiderland.com\/danahilliot\/#\/schema\/person\/2f9b92e9fff19bccc36638b10510d5ae\"},\"headline\":\"L&rsquo;Arbre, le Maire et la M\u00e9diath\u00e8que\",\"datePublished\":\"2016-04-04T09:29:20+00:00\",\"mainEntityOfPage\":{\"@id\":\"https:\/\/outsiderland.com\/danahilliot\/larbre-le-maire-et-la-mediatheque\/\"},\"wordCount\":1847,\"publisher\":{\"@id\":\"https:\/\/outsiderland.com\/danahilliot\/#\/schema\/person\/201a1fef0f5c2897bd65e98bcf6b1179\"},\"image\":{\"@id\":\"https:\/\/outsiderland.com\/danahilliot\/larbre-le-maire-et-la-mediatheque\/#primaryimage\"},\"thumbnailUrl\":\"https:\/\/outsiderland.com\/danahilliot\/wp-content\/uploads\/2016\/04\/l-arbre-le-maire-et-la-mediatheque.jpg\",\"articleSection\":[\"Articles\",\"L'avenir de la ruralit\u00e9\"],\"inLanguage\":\"fr-FR\"},{\"@type\":\"WebPage\",\"@id\":\"https:\/\/outsiderland.com\/danahilliot\/larbre-le-maire-et-la-mediatheque\/\",\"url\":\"https:\/\/outsiderland.com\/danahilliot\/larbre-le-maire-et-la-mediatheque\/\",\"name\":\"L'Arbre, le Maire et la M\u00e9diath\u00e8que - Outside Dana Hilliot\",\"isPartOf\":{\"@id\":\"https:\/\/outsiderland.com\/danahilliot\/#website\"},\"primaryImageOfPage\":{\"@id\":\"https:\/\/outsiderland.com\/danahilliot\/larbre-le-maire-et-la-mediatheque\/#primaryimage\"},\"image\":{\"@id\":\"https:\/\/outsiderland.com\/danahilliot\/larbre-le-maire-et-la-mediatheque\/#primaryimage\"},\"thumbnailUrl\":\"https:\/\/outsiderland.com\/danahilliot\/wp-content\/uploads\/2016\/04\/l-arbre-le-maire-et-la-mediatheque.jpg\",\"datePublished\":\"2016-04-04T09:29:20+00:00\",\"breadcrumb\":{\"@id\":\"https:\/\/outsiderland.com\/danahilliot\/larbre-le-maire-et-la-mediatheque\/#breadcrumb\"},\"inLanguage\":\"fr-FR\",\"potentialAction\":[{\"@type\":\"ReadAction\",\"target\":[\"https:\/\/outsiderland.com\/danahilliot\/larbre-le-maire-et-la-mediatheque\/\"]}]},{\"@type\":\"ImageObject\",\"inLanguage\":\"fr-FR\",\"@id\":\"https:\/\/outsiderland.com\/danahilliot\/larbre-le-maire-et-la-mediatheque\/#primaryimage\",\"url\":\"https:\/\/outsiderland.com\/danahilliot\/wp-content\/uploads\/2016\/04\/l-arbre-le-maire-et-la-mediatheque.jpg\",\"contentUrl\":\"https:\/\/outsiderland.com\/danahilliot\/wp-content\/uploads\/2016\/04\/l-arbre-le-maire-et-la-mediatheque.jpg\",\"width\":1023,\"height\":681},{\"@type\":\"BreadcrumbList\",\"@id\":\"https:\/\/outsiderland.com\/danahilliot\/larbre-le-maire-et-la-mediatheque\/#breadcrumb\",\"itemListElement\":[{\"@type\":\"ListItem\",\"position\":1,\"name\":\"Accueil\",\"item\":\"https:\/\/outsiderland.com\/danahilliot\/\"},{\"@type\":\"ListItem\",\"position\":2,\"name\":\"L&rsquo;Arbre, le Maire et la M\u00e9diath\u00e8que\"}]},{\"@type\":\"WebSite\",\"@id\":\"https:\/\/outsiderland.com\/danahilliot\/#website\",\"url\":\"https:\/\/outsiderland.com\/danahilliot\/\",\"name\":\"Outside Dana Hilliot\",\"description\":\". Archives . Activit\u00e9s . Projets .\",\"publisher\":{\"@id\":\"https:\/\/outsiderland.com\/danahilliot\/#\/schema\/person\/201a1fef0f5c2897bd65e98bcf6b1179\"},\"potentialAction\":[{\"@type\":\"SearchAction\",\"target\":{\"@type\":\"EntryPoint\",\"urlTemplate\":\"https:\/\/outsiderland.com\/danahilliot\/?s={search_term_string}\"},\"query-input\":{\"@type\":\"PropertyValueSpecification\",\"valueRequired\":true,\"valueName\":\"search_term_string\"}}],\"inLanguage\":\"fr-FR\"},{\"@type\":[\"Person\",\"Organization\"],\"@id\":\"https:\/\/outsiderland.com\/danahilliot\/#\/schema\/person\/201a1fef0f5c2897bd65e98bcf6b1179\",\"name\":\"danahilliot\",\"image\":{\"@type\":\"ImageObject\",\"inLanguage\":\"fr-FR\",\"@id\":\"https:\/\/outsiderland.com\/danahilliot\/#\/schema\/person\/image\/\",\"url\":\"https:\/\/outsiderland.com\/danahilliot\/wp-content\/uploads\/2026\/02\/50801449407_a909f2c1ad_k.jpg\",\"contentUrl\":\"https:\/\/outsiderland.com\/danahilliot\/wp-content\/uploads\/2026\/02\/50801449407_a909f2c1ad_k.jpg\",\"width\":2048,\"height\":1536,\"caption\":\"danahilliot\"},\"logo\":{\"@id\":\"https:\/\/outsiderland.com\/danahilliot\/#\/schema\/person\/image\/\"}},{\"@type\":\"Person\",\"@id\":\"https:\/\/outsiderland.com\/danahilliot\/#\/schema\/person\/2f9b92e9fff19bccc36638b10510d5ae\",\"name\":\"danah\",\"image\":{\"@type\":\"ImageObject\",\"inLanguage\":\"fr-FR\",\"@id\":\"https:\/\/outsiderland.com\/danahilliot\/#\/schema\/person\/image\/\",\"url\":\"https:\/\/secure.gravatar.com\/avatar\/ed6349755e1d97f204277de3d09fc6ac31abd856835c8ea3c3a30d0aa84b0ddd?s=96&d=mm&r=g\",\"contentUrl\":\"https:\/\/secure.gravatar.com\/avatar\/ed6349755e1d97f204277de3d09fc6ac31abd856835c8ea3c3a30d0aa84b0ddd?s=96&d=mm&r=g\",\"caption\":\"danah\"},\"url\":\"https:\/\/outsiderland.com\/danahilliot\/author\/danah\/\"}]}<\/script>\n<!-- \/ Yoast SEO plugin. -->","yoast_head_json":{"title":"L'Arbre, le Maire et la M\u00e9diath\u00e8que - Outside Dana Hilliot","robots":{"index":"index","follow":"follow","max-snippet":"max-snippet:-1","max-image-preview":"max-image-preview:large","max-video-preview":"max-video-preview:-1"},"canonical":"https:\/\/outsiderland.com\/danahilliot\/larbre-le-maire-et-la-mediatheque\/","og_locale":"fr_FR","og_type":"article","og_title":"L'Arbre, le Maire et la M\u00e9diath\u00e8que - Outside Dana Hilliot","og_description":"L&rsquo;arbre, le maire et la m\u00e9diath\u00e8que, sorti en 1993, est un de rares films \u00ab\u00a0politiques\u00a0\u00bb de Rohmer. On y explore le c\u0153ur m\u00eame de la politique, mais par le tout petit bout de la lorgnette : son champ d&rsquo;investigation se concentre sur un petit village du sud de la Vend\u00e9e &#8211; c&rsquo;est important qu&rsquo;il soit&hellip;","og_url":"https:\/\/outsiderland.com\/danahilliot\/larbre-le-maire-et-la-mediatheque\/","og_site_name":"Outside Dana Hilliot","article_published_time":"2016-04-04T09:29:20+00:00","og_image":[{"width":1023,"height":681,"url":"https:\/\/outsiderland.com\/danahilliot\/wp-content\/uploads\/2016\/04\/l-arbre-le-maire-et-la-mediatheque.jpg","type":"image\/jpeg"}],"author":"danah","twitter_card":"summary_large_image","twitter_misc":{"\u00c9crit par":"danah","Dur\u00e9e de lecture estim\u00e9e":"9 minutes"},"schema":{"@context":"https:\/\/schema.org","@graph":[{"@type":"Article","@id":"https:\/\/outsiderland.com\/danahilliot\/larbre-le-maire-et-la-mediatheque\/#article","isPartOf":{"@id":"https:\/\/outsiderland.com\/danahilliot\/larbre-le-maire-et-la-mediatheque\/"},"author":{"name":"danah","@id":"https:\/\/outsiderland.com\/danahilliot\/#\/schema\/person\/2f9b92e9fff19bccc36638b10510d5ae"},"headline":"L&rsquo;Arbre, le Maire et la M\u00e9diath\u00e8que","datePublished":"2016-04-04T09:29:20+00:00","mainEntityOfPage":{"@id":"https:\/\/outsiderland.com\/danahilliot\/larbre-le-maire-et-la-mediatheque\/"},"wordCount":1847,"publisher":{"@id":"https:\/\/outsiderland.com\/danahilliot\/#\/schema\/person\/201a1fef0f5c2897bd65e98bcf6b1179"},"image":{"@id":"https:\/\/outsiderland.com\/danahilliot\/larbre-le-maire-et-la-mediatheque\/#primaryimage"},"thumbnailUrl":"https:\/\/outsiderland.com\/danahilliot\/wp-content\/uploads\/2016\/04\/l-arbre-le-maire-et-la-mediatheque.jpg","articleSection":["Articles","L'avenir de la ruralit\u00e9"],"inLanguage":"fr-FR"},{"@type":"WebPage","@id":"https:\/\/outsiderland.com\/danahilliot\/larbre-le-maire-et-la-mediatheque\/","url":"https:\/\/outsiderland.com\/danahilliot\/larbre-le-maire-et-la-mediatheque\/","name":"L'Arbre, le Maire et la M\u00e9diath\u00e8que - Outside Dana Hilliot","isPartOf":{"@id":"https:\/\/outsiderland.com\/danahilliot\/#website"},"primaryImageOfPage":{"@id":"https:\/\/outsiderland.com\/danahilliot\/larbre-le-maire-et-la-mediatheque\/#primaryimage"},"image":{"@id":"https:\/\/outsiderland.com\/danahilliot\/larbre-le-maire-et-la-mediatheque\/#primaryimage"},"thumbnailUrl":"https:\/\/outsiderland.com\/danahilliot\/wp-content\/uploads\/2016\/04\/l-arbre-le-maire-et-la-mediatheque.jpg","datePublished":"2016-04-04T09:29:20+00:00","breadcrumb":{"@id":"https:\/\/outsiderland.com\/danahilliot\/larbre-le-maire-et-la-mediatheque\/#breadcrumb"},"inLanguage":"fr-FR","potentialAction":[{"@type":"ReadAction","target":["https:\/\/outsiderland.com\/danahilliot\/larbre-le-maire-et-la-mediatheque\/"]}]},{"@type":"ImageObject","inLanguage":"fr-FR","@id":"https:\/\/outsiderland.com\/danahilliot\/larbre-le-maire-et-la-mediatheque\/#primaryimage","url":"https:\/\/outsiderland.com\/danahilliot\/wp-content\/uploads\/2016\/04\/l-arbre-le-maire-et-la-mediatheque.jpg","contentUrl":"https:\/\/outsiderland.com\/danahilliot\/wp-content\/uploads\/2016\/04\/l-arbre-le-maire-et-la-mediatheque.jpg","width":1023,"height":681},{"@type":"BreadcrumbList","@id":"https:\/\/outsiderland.com\/danahilliot\/larbre-le-maire-et-la-mediatheque\/#breadcrumb","itemListElement":[{"@type":"ListItem","position":1,"name":"Accueil","item":"https:\/\/outsiderland.com\/danahilliot\/"},{"@type":"ListItem","position":2,"name":"L&rsquo;Arbre, le Maire et la M\u00e9diath\u00e8que"}]},{"@type":"WebSite","@id":"https:\/\/outsiderland.com\/danahilliot\/#website","url":"https:\/\/outsiderland.com\/danahilliot\/","name":"Outside Dana Hilliot","description":". Archives . Activit\u00e9s . Projets .","publisher":{"@id":"https:\/\/outsiderland.com\/danahilliot\/#\/schema\/person\/201a1fef0f5c2897bd65e98bcf6b1179"},"potentialAction":[{"@type":"SearchAction","target":{"@type":"EntryPoint","urlTemplate":"https:\/\/outsiderland.com\/danahilliot\/?s={search_term_string}"},"query-input":{"@type":"PropertyValueSpecification","valueRequired":true,"valueName":"search_term_string"}}],"inLanguage":"fr-FR"},{"@type":["Person","Organization"],"@id":"https:\/\/outsiderland.com\/danahilliot\/#\/schema\/person\/201a1fef0f5c2897bd65e98bcf6b1179","name":"danahilliot","image":{"@type":"ImageObject","inLanguage":"fr-FR","@id":"https:\/\/outsiderland.com\/danahilliot\/#\/schema\/person\/image\/","url":"https:\/\/outsiderland.com\/danahilliot\/wp-content\/uploads\/2026\/02\/50801449407_a909f2c1ad_k.jpg","contentUrl":"https:\/\/outsiderland.com\/danahilliot\/wp-content\/uploads\/2026\/02\/50801449407_a909f2c1ad_k.jpg","width":2048,"height":1536,"caption":"danahilliot"},"logo":{"@id":"https:\/\/outsiderland.com\/danahilliot\/#\/schema\/person\/image\/"}},{"@type":"Person","@id":"https:\/\/outsiderland.com\/danahilliot\/#\/schema\/person\/2f9b92e9fff19bccc36638b10510d5ae","name":"danah","image":{"@type":"ImageObject","inLanguage":"fr-FR","@id":"https:\/\/outsiderland.com\/danahilliot\/#\/schema\/person\/image\/","url":"https:\/\/secure.gravatar.com\/avatar\/ed6349755e1d97f204277de3d09fc6ac31abd856835c8ea3c3a30d0aa84b0ddd?s=96&d=mm&r=g","contentUrl":"https:\/\/secure.gravatar.com\/avatar\/ed6349755e1d97f204277de3d09fc6ac31abd856835c8ea3c3a30d0aa84b0ddd?s=96&d=mm&r=g","caption":"danah"},"url":"https:\/\/outsiderland.com\/danahilliot\/author\/danah\/"}]}},"jetpack_publicize_connections":[],"_links":{"self":[{"href":"https:\/\/outsiderland.com\/danahilliot\/wp-json\/wp\/v2\/posts\/1528","targetHints":{"allow":["GET"]}}],"collection":[{"href":"https:\/\/outsiderland.com\/danahilliot\/wp-json\/wp\/v2\/posts"}],"about":[{"href":"https:\/\/outsiderland.com\/danahilliot\/wp-json\/wp\/v2\/types\/post"}],"author":[{"embeddable":true,"href":"https:\/\/outsiderland.com\/danahilliot\/wp-json\/wp\/v2\/users\/1"}],"replies":[{"embeddable":true,"href":"https:\/\/outsiderland.com\/danahilliot\/wp-json\/wp\/v2\/comments?post=1528"}],"version-history":[{"count":0,"href":"https:\/\/outsiderland.com\/danahilliot\/wp-json\/wp\/v2\/posts\/1528\/revisions"}],"wp:featuredmedia":[{"embeddable":true,"href":"https:\/\/outsiderland.com\/danahilliot\/wp-json\/wp\/v2\/media\/1544"}],"wp:attachment":[{"href":"https:\/\/outsiderland.com\/danahilliot\/wp-json\/wp\/v2\/media?parent=1528"}],"wp:term":[{"taxonomy":"category","embeddable":true,"href":"https:\/\/outsiderland.com\/danahilliot\/wp-json\/wp\/v2\/categories?post=1528"},{"taxonomy":"post_tag","embeddable":true,"href":"https:\/\/outsiderland.com\/danahilliot\/wp-json\/wp\/v2\/tags?post=1528"}],"curies":[{"name":"wp","href":"https:\/\/api.w.org\/{rel}","templated":true}]}}