{"id":1192,"date":"2014-10-09T10:20:57","date_gmt":"2014-10-09T09:20:57","guid":{"rendered":"https:\/\/outsiderland.com\/dehors\/?p=1192"},"modified":"2014-10-09T10:20:57","modified_gmt":"2014-10-09T09:20:57","slug":"gaz-de-schiste-et-conflits-sociaux-un-cas-de-justice-environnementale","status":"publish","type":"post","link":"https:\/\/outsiderland.com\/danahilliot\/gaz-de-schiste-et-conflits-sociaux-un-cas-de-justice-environnementale\/","title":{"rendered":"Gaz de schiste et conflits sociaux : un cas de justice environnementale"},"content":{"rendered":"<p><strong>Les promesses sont dures \u00e0 tenir<\/strong><\/p>\n<p>\u00c0 l&rsquo;heure o\u00f9 les <a href=\"http:\/\/bastagazales.fr\/2014\/10\/04\/le-gaz-de-schiste-il-est-criminel-de-se-passer-des-recherches-un-atout-a-exploiter-un-site-pilote-pour-experimenter\/\" target=\"_blank\">repr\u00e9sentants de la plupart des partis politiques fran\u00e7ais<\/a> piaffent d&rsquo;impatience \u00e0 l&rsquo;id\u00e9e de lancer les premiers forages de gaz de schiste sur le territoire \u2014\u00a0avec un certain enthousiasme \u00e0 droite, et quelques r\u00e9serves (de principes ?) \u00e0 \u00ab gauche \u00bb\u00a0\u2014 Montebourg disait r\u00e9cemment \u00a0: \u00ab Il faut y aller, mais proprement \u00bb \u2014, on a le sentiment que les premiers permis n&rsquo;attendent plus, pour \u00eatre d\u00e9livr\u00e9s, qu&rsquo;un changement de gouvernement, ou de pr\u00e9sidence, ou, pour le dire autrement, que l&rsquo;interdiction des forages ne tient qu&rsquo;au respect des promesses du candidat Hollande \u2014 <a href=\"https:\/\/outsiderland.com\/dehors\/?p=1248\" target=\"_blank\">contrainte qui para\u00eet assez fragile<\/a>.<\/p>\n<p>Soyons clair : le souci de la pr\u00e9servation de l&rsquo;environnement ne fait pas partie du bagage g\u00e9n\u00e9tique de la plupart des \u00e9lus, les pr\u00e9occupations \u00e9cologiques se manifestent le plus souvent\u00a0sous la forme d&rsquo;un scrupule et se traduisent au mieux par quelques amendements qui semblent avoir \u00e9t\u00e9 adopt\u00e9s \u00e0 regret et apr\u00e8s-coup dans le but de limiter les impacts environnementaux les plus visibles des projets industriels. Les <a href=\"http:\/\/www.slate.fr\/story\/79765\/bilan-grenelle-environnement-pschiit-flop-transports\" target=\"_blank\">\u00ab\u00a0Grenelle\u00a0\u00bb de l&rsquo;environnement<\/a>, la \u00ab\u00a0transition \u00e9nerg\u00e9tique\u00a0\u00bb, la \u00ab\u00a0croissance verte\u00a0\u00bb, constituent surtout de vastes op\u00e9rations de communication, qui, certes, ne sont pas toujours sans effet, mais dont les grands \u00e9lans, plus ou moins coh\u00e9rents, qui les inspiraient au d\u00e9part retombent aussi vite que s&rsquo;\u00e9puise l&rsquo;int\u00e9r\u00eat des m\u00e9dias et de l&rsquo;opinion publique. Pour m\u00e9nager les entreprises et leurs actionnaires, qui tiennent\u00a0l&rsquo;\u00e9cologie pour\u00a0une contrainte absurde qu p\u00e8se sur les chiffres d&rsquo;affaires et les dividendes,\u00a0les \u00e9tats se contentent le plus souvent de mesures symboliques.<\/p>\n<p>Pour l&rsquo;entr\u00e9e de la France dans l&rsquo;\u00e8re de l&rsquo;extraction du gaz de schiste, il faudrait donc juste attendre quelques ann\u00e9es, le temps que les promesses soient annul\u00e9es, que les technologies d&rsquo;extraction soient devenus \u00ab propres \u00bb, ou que les d\u00e9cideurs politiques arrivent \u00e0 s\u00e9duire les populations avec un nouveau discours portant sur les bienfaits de cette nouvelle source d&rsquo;\u00e9nergie. On devine que, dans les ann\u00e9es \u00e0 venir, les experts seront mis \u00e0 contribution pour lever les derniers doutes : d\u00e9j\u00e0, de mani\u00e8re peu surprenante du reste, on lit dans la pr\u00e9sentation de l&rsquo;ouvrage de la <a href=\"http:\/\/bastagazales.fr\/2014\/10\/04\/gaz-de-schiste-arthus-bertrand-et-la-fondation-goodplanet-au-secours-du-debat-ou-de-la-pensee-fossile\/\" target=\"_blank\">fondation GoodPLanet<\/a>, pr\u00e9sid\u00e9e par\u00a0Yann Arthus-Bertrand, sp\u00e9cialiste bien connu de l&rsquo;\u00e9cologie-spectacle et du survol de la plan\u00e8te par h\u00e9licopt\u00e8re, ouvrage intitul\u00e9 \u00ab <a href=\"http:\/\/www.goodplanet.org\/fiche\/gaz-de-schiste-le-vrai-du-faux\/\" target=\"_blank\">Gaz de schiste, le vrai du faux<\/a> \u00bb, des propositions du genre : \u00ab\u00a0 Car si le lobby p\u00e9trolier pr\u00e9sente une version tronqu\u00e9e de la situation, de l\u2019autre c\u00f4t\u00e9, certains militants d\u00e9forment eux aussi la r\u00e9alit\u00e9 \u00bb \u2014 renvoyons donc dos \u00e0 dos les protagonistes dans un souci d&rsquo;\u00e9quit\u00e9, sachons raison garder, et revenons \u00e0 la r\u00e9alit\u00e9.<\/p>\n<p>&nbsp;<\/p>\n<p><strong>L&rsquo;invisible et le visible : focaliser l&rsquo;attention sur le sous-sol afin de faire oublier les paysages<\/strong><\/p>\n<p>&nbsp;<\/p>\n<p>Comment distinguer alors la r\u00e9alit\u00e9 du fantasme ? L&rsquo;immense majorit\u00e9 des discussions portant sur l&rsquo;impact environnemental du gaz de schiste porte sur la \u00ab r\u00e9alit\u00e9 \u00bb de ses effets sur les sous-sol. Les compagnies d&rsquo;extraction, et ceux qui les\u00a0soutiennent, s&rsquo;efforcent de focaliser l&rsquo;attention du public et les d\u00e9bats sur les nuisances \u00e9ventuelles occasionn\u00e9es par les techniques de forage et la fracturation hydraulique :\u00a0<a href=\"http:\/\/www.pseudo-sciences.org\/spip.php?article1922\" target=\"_blank\">pollution des sols et des nappes et risque sismique<\/a>. Il existe une litt\u00e9rature infinie sur ces sujets, dont la mise en oeuvre ne date pas d&rsquo;hier. On sait qu&rsquo;il existe un risque, mais les experts qui travaillent pour les compagnies font d\u00e9sormais leur possible pour minimiser les risques. En face, les militants anti-gaz de schiste sont dans l&rsquo;obligation d&rsquo;acqu\u00e9rir \u00e9galement une expertise sur ces questions hautement techniques, afin de pouvoir r\u00e9pondre \u00e0 leurs adversaires de mani\u00e8re pertinente.<\/p>\n<p>Les compagnies sont toutefois beaucoup moins disert sur ce que j\u2019appellerai les impacts visibles \u00e0 court terme de l&rsquo;installation de puits et de torch\u00e8res. On les comprend. En effet, le grand public peu au fait des questions scientifiques, au rang duquel je me compte, est bien forc\u00e9, quand il s&rsquo;agit de discuter des effets en sous-sol, de placer sa confiance\u00a0aux experts, d&rsquo;un bord ou de l&rsquo;autre \u2014 et dans ces cas-l\u00e0, les qualit\u00e9s d&rsquo;\u00e9locution, le costume et la coiffure de l&rsquo;expert qui vient s&rsquo;exprimer \u00e0 la t\u00e9l\u00e9vision comptent largement autant que la pertinence de ses propos. Un bon communicant sait noyer le poisson et remporter la mise sans trop se soucier de la qualit\u00e9 de ses arguments. On comprend la strat\u00e9gie des compagnies qui focalisent l&rsquo;attention sur un sujet hautement technique comme le\u00a0sous-sol afin de faire oublier la probl\u00e9matique des paysages.<\/p>\n<p>En effet, si l&rsquo;on peut disserter sans fin au sujet de ce qui se passe dans les sous-sol, \u00e0 l&rsquo;abri des regards \u2014 et il va de soi que les puits de forage ne sont accessibles qu&rsquo;aux employ\u00e9s des compagnies charg\u00e9es de l&rsquo;exploitation des gaz \u2014, les impacts sur le paysage, eux, sont parfaitement visibles, d&#8217;embl\u00e9e, et par tout un chacun, expert ou pas.<\/p>\n<p>Je voudrais citer ici\u00a0la belle\u00a0mais br\u00e8ve<a href=\"http:\/\/www.liberation.fr\/terre\/2013\/06\/11\/un-paysage-fracture_910078\" target=\"_blank\"> tribune du g\u00e9ographe Fran\u00e7ois Tautelle<\/a> :<\/p>\n<blockquote><p>\u00ab\u00a0Prenons le cas de l\u2019Ard\u00e8che. Voil\u00e0 un d\u00e9partement dont l\u2019attractivit\u00e9 est li\u00e9e \u00e0 la qualit\u00e9 de ses paysages, de ses produits locaux et \u00e0 son patrimoine naturel. Comment justifier la mise en place de quelques torch\u00e8res au c\u0153ur des villages et ses cons\u00e9quences \u00e0 savoir la pollution des nappes, l\u2019utilisation d\u2019eau en abondance (dans un d\u00e9partement d\u00e9j\u00e0 fortement contraint par la s\u00e9cheresse) ou encore le balai de camions sur des routes pittoresques ? Quelque chose ne tourne pas rond. Quelle est la vision du paysage que les d\u00e9fenseurs du gaz de schiste ont dans leurs t\u00eates ? Un territoire lunaire, vide d\u2019hommes ? Un d\u00e9sert de ruralit\u00e9 ?A trop regarder les images du Dakota ou de la Patagonie argentine, finiraient-ils par croire que la France rurale est aussi ressemblante ? \u00bb<\/p><\/blockquote>\n<p>L&rsquo;Ard\u00e8che n&rsquo;est pas le Dakota, et le <a href=\"http:\/\/bastagazales.fr\/?s=vaucluse\" target=\"_blank\">Vaucluse<\/a> n&rsquo;est pas la Patagonie. Je songe aux visions prospectives d&rsquo;un autre g\u00e9ographe, Jacques\u00a0L\u00e9vy, qui dans son manifeste, <em>R\u00e9inventer la France<\/em>, <a href=\"https:\/\/outsiderland.com\/dehors\/?p=137\" target=\"_blank\">auquel je me suis d\u00e9j\u00e0 oppos\u00e9 sur ce blog<\/a>, r\u00eave d&rsquo;une France totalement urbanis\u00e9e,\u00a0une organisation territoriale et politique qui serait plus juste \u00e9conomiquement : \u00ab\u00a0Si tous les habitants de la France m\u00e9tropolitaine vivaient dans une seule ville ayant la densit\u00e9 de Paris <em>intra muros<\/em> ils n\u2019auraient besoin que de 3000 km 2 soit \u00e0 peine plus de la moiti\u00e9 de la surface d\u2019un d\u00e9partement moyen. Les 94 % restants seraient vides d\u2019hommes et pourraient \u00eatre consacr\u00e9s \u00e0 une agriculture respectueuse de l\u2019environnement ou \u00e0 des parcs naturels \u00bb (Jacques L\u00e9vy, <em>R\u00e9inventer la France<\/em>, p.85). J&rsquo;imagine que la vision des industriels qui demandent des permis d\u2019exploitation, et de ceux qui le leur accordent en haut-lieu (pour\u00a0dire vite, quelques bureaux \u00e0 Paris), ressemble d\u00e9j\u00e0 \u00e0 celle que Jacques L\u00e9vy ne fait qu&rsquo;anticiper : les campagnes, pour reprendre les mots de Fran\u00e7ois Tautelle,\u00a0\u00ab\u00a0ne sont pas des champs \u00e0 perte de vue, quelques bois parsem\u00e9s de quelques petits villages (&#8230;)\u00a0Il s\u2019agit d\u2019un territoire habit\u00e9, construit par des g\u00e9n\u00e9rations d\u2019usages et d\u2019usagers qui ont majoritairement cherch\u00e9 \u00e0 m\u00e9nager les espaces et les ressources pr\u00e9sentes. La richesse des analyses produites sur la renaissance rurale tranche grandement avec la vision simpliste d\u2019un espace vierge et monotone qui n\u2019attendrait que la mise en valeur du gaz de schiste pour sortir d\u2019une torpeur suppos\u00e9e. \u00bb<\/p>\n<p>Le Dr\u00a0<a href=\"http:\/\/www.reporterre.net\/spip.php?article3699\" target=\"_blank\">Anthony Ingraeffa<\/a>,\u00a0Professeur de g\u00e9nie, charg\u00e9 de l\u2019enseignement \u00e0 l\u2019Universit\u00e9 Cornell est bien plac\u00e9 pour d\u00e9crire les impacts destructeurs de l\u2019exploitation du gaz de schiste sur les paysages. Il a en effet travaill\u00e9 pour l&rsquo;industrie du gaz avant d&rsquo;en devenir un des principaux ennemis. Voici ce qu&rsquo;il expliquait au magazine EcoWatch (<a href=\"http:\/\/www.reporterre.net\/spip.php?article3699\" target=\"_blank\">dans une interview traduite en Fran\u00e7ais par le site Reporterre<\/a>) :<\/p>\n<blockquote><p>\u00ab Alors quelle est selon moi la plus grande menace pour les humains li\u00e9e \u00e0 l\u2019exploitation des gisements non conventionnels de gaz naturel \u00e0 partir des formations schisteuses \u00e0 travers le monde ? Et si je voulais \u00eatre plus pr\u00e9cis en tant qu\u2019ing\u00e9nieur, \u00e0 proprement parler, quelle est la plus grande menace que constituent ces champs d\u2019exploitation perc\u00e9s par une multitude de forages, \u00e0 l\u2019aide de gros volumes de fracturations hydrauliques et de longs forages lat\u00e9raux ?<\/p>\n<p>Finalement c\u2019est \u00e7a le probl\u00e8me. C\u2019est parce que cette activit\u00e9 hautement industrielle occupe beaucoup d\u2019espace, une activit\u00e9 qui implique bien plus que forer-le-puits-fracturer-le-puits-connecter-le-pipeline-et-on-s-en-va, une activit\u00e9 qui n\u00e9cessite bien plus de terrains \u00e0 d\u00e9fricher, beaucoup de for\u00eats et de champs \u00e0 d\u00e9vaster.<\/p>\n<p>Il y a la n\u00e9cessit\u00e9 de construire des milliers de kilom\u00e8tres de pipelines qui engendre \u00e0 nouveau la destruction de for\u00eats et de champs. Il y a \u00e9galement la n\u00e9cessit\u00e9 de construire de nombreuses stations de compression, ces installations industrielles qui compriment le gaz pour leur transport par gazoducs et qui br\u00fblent d\u2019\u00e9normes quantit\u00e9s de diesel. Elles sont tr\u00e8s bruyantes et \u00e9mettent du CO2 dans l\u2019atmosph\u00e8re.<\/p>\n<p>Puis, il y a la construction de fosses \u00e0 d\u00e9chets et bassins d\u2019eau douce qui l\u00e0 encore n\u00e9cessitent de gros travaux de g\u00e9nie impactant, du mat\u00e9riel de construction lourd, engendre des \u00e9manations gazeuses produites par les d\u00e9chets dans les bassins de r\u00e9tention ainsi qu\u2019\u00e9norm\u00e9ment de circulation de poids lourds, ce qui entra\u00eene \u00e0 nouveau la combustion de grandes quantit\u00e9s de diesel, l\u2019augmentation des d\u00e9g\u00e2ts sur les routes et les ponts ainsi qu\u2019un risque accru pour la circulation au milieu de ce trafic de poids lourds. \u00bb<\/p>\n<p><a href=\"https:\/\/outsiderland.com\/danahilliot\/wp-content\/uploads\/2014\/10\/cropped-1353505762_Algy-rie-les-projets-gaz-de-schiste-se-pry-cisent_grand.jpg\"><img decoding=\"async\" class=\"alignleft wp-image-1396 size-medium\" src=\"https:\/\/outsiderland.com\/danahilliot\/wp-content\/uploads\/2014\/10\/cropped-1353505762_Algy-rie-les-projets-gaz-de-schiste-se-pry-cisent_grand-300x104.jpg\" alt=\"cropped-1353505762_Algy-rie-les-projets-gaz-de-schiste-se-pry-cisent_grand\" width=\"300\" height=\"104\" srcset=\"https:\/\/outsiderland.com\/danahilliot\/wp-content\/uploads\/2014\/10\/cropped-1353505762_Algy-rie-les-projets-gaz-de-schiste-se-pry-cisent_grand-300x104.jpg 300w, https:\/\/outsiderland.com\/danahilliot\/wp-content\/uploads\/2014\/10\/cropped-1353505762_Algy-rie-les-projets-gaz-de-schiste-se-pry-cisent_grand-768x267.jpg 768w, https:\/\/outsiderland.com\/danahilliot\/wp-content\/uploads\/2014\/10\/cropped-1353505762_Algy-rie-les-projets-gaz-de-schiste-se-pry-cisent_grand-590x205.jpg 590w, https:\/\/outsiderland.com\/danahilliot\/wp-content\/uploads\/2014\/10\/cropped-1353505762_Algy-rie-les-projets-gaz-de-schiste-se-pry-cisent_grand.jpg 1000w\" sizes=\"(max-width: 300px) 100vw, 300px\" \/><\/a><\/p><\/blockquote>\n<p>&nbsp;<\/p>\n<p><b>Justice environnementale :<\/b><\/p>\n<p>Les habitants des territoires concern\u00e9s, aussi peu nombreux soient-ils, ne peuvent accepter\u00a0d&rsquo;assister sans r\u00e9agir \u00e0 ces\u00a0d\u00e9gradations du paysage dans lequel ils vivent. Je soup\u00e7onne les \u00c9tats qui autorisent les forages de consid\u00e9rer\u00a0les autochtones comme des obstacles peu contraignants, et pour tout dire, une \u00ab\u00a0quantit\u00e9 n\u00e9gligeable\u00a0\u00bb\u00a0\u2014 c&rsquo;est la vieille affaire du Larzac en France qui se r\u00e9p\u00e8te, caract\u00e9ristique de l&rsquo;aveuglement et du m\u00e9pris des pouvoirs publics pour une partie de leur population. D&rsquo;un m\u00eame \u00e9lan, on semble pr\u00eat \u00e0 sacrifier, sans autre forme de proc\u00e8s, des ann\u00e9es d&rsquo;efforts consacr\u00e9es \u00e0 la protection de l&rsquo;environnement, la conservation des r\u00e9serves en eau, la pr\u00e9servation des cultures locales et le renforcement de l&rsquo;attraction\u00a0touristique \u2014\u00a0\u00e0 quoi sert l&rsquo;instauration d&rsquo;un parc r\u00e9gional comme celui du Lub\u00e9ron, quand on envisage s\u00e9rieusement, et de mani\u00e8re r\u00e9currente, d&rsquo;y autoriser l&rsquo;\u00e9dification de torch\u00e8res et de puits de forage ?<\/p>\n<p><a href=\"http:\/\/www.reporterre.net\/spip.php?article3699\" target=\"_blank\">Anthony Ingraeffa<\/a>\u00a0rappelle\u00a0en conclusion de son entretien ce que certains gouvernants semblent avoir oubli\u00e9, ou n&rsquo;ont jamais su\u00a0:<\/p>\n<blockquote><p>\u00ab\u00a0Les gens ont besoin de respirer de l\u2019air. Les gens ont besoin de boire de l\u2019eau. Les gens ont besoin de vivre dans un climat acceptable, lequel devrait \u00eatre stable. Ceci n\u00e9cessite deux choses. Voir la communaut\u00e9 o\u00f9 vous vouliez vivre et o\u00f9 vous avez v\u00e9cu toute votre vie prendre votre rel\u00e8ve, et l\u2019environnement, l\u2019eau, l\u2019air, le climat, la flore, la faune, tout \u00e7a est menac\u00e9. Ces deux menaces se trouvent sur le spectre de sant\u00e9 par rapport \u00e0 la richesse. C\u2019est la sant\u00e9 du plus grand nombre face \u00e0 la richesse de quelques-uns. \u00bb<\/p><\/blockquote>\n<p>Le pouvoir a toujours minimis\u00e9 le souci environnemental des gens. Il continue de le faire, aveugl\u00e9 par sa propre indiff\u00e9rence, parce qu&rsquo;il n&rsquo;a cess\u00e9 d&rsquo;adopter vis-\u00e0-vis des questions environnementales une attitude cynique, consid\u00e9rant qu&rsquo;enrober la r\u00e9alit\u00e9 de vert suffit \u00e0 rassurer l&rsquo;opinion. Il n&rsquo;y a pas d&rsquo;autres explications au fait que les pouvoirs publics se lancent dans les op\u00e9rations du type \u00ab\u00a0A\u00e9roport ND des Landes\u00a0\u00bb ou \u00ab\u00a0Barrage de Sivens\u00a0\u00bb , en r\u00e9duisant au maximum\u00a0le d\u00e9bat public, alors m\u00eame que tout laissait penser\u00a0qu&rsquo;une majorit\u00e9 des\u00a0autochtones s&rsquo;y opposeraient.<\/p>\n<p>En r\u00e9alit\u00e9, les habitants des territoires concern\u00e9s par les forages sont loin d&rsquo;\u00eatre indiff\u00e9rents. On conna\u00eet le cas du <a href=\"http:\/\/www.bastamag.net\/Gaz-de-schiste-des-paysans\" target=\"_blank\">village de\u00a0\u017burawlow<\/a>, en Pologne, qui a r\u00e9ussi \u00e0 repousser la multinationale Chevron, apr\u00e8s 400 jours de lutte, ainsi que celui de\u00a0<a href=\"http:\/\/www.reporterre.net\/spip.php?article5112\" target=\"_blank\">Pungesti<\/a>, en Roumanie, contre la m\u00eame entreprise, chez <a href=\"https:\/\/resistance71.wordpress.com\/2013\/10\/18\/resistance-politique-la-nation-elsipogtog-du-nouveau-brunswick-se-bat-contre-lextraction-du-gaz-de-schiste-sur-son-territoire\/\" target=\"_blank\">les\u00a0Mik:maq sur le territoire d\u2019Elsipogtog au Nouveau Brunswick<\/a>\u00a0(dans le cadre de la lutte pour les droits des populations autochtones).\u00a0<a href=\"http:\/\/www.reporterre.net\/spip.php?article5551\" target=\"_blank\">Mais dans bien\u00a0d&rsquo;autres r\u00e9gions du monde,\u00a0la r\u00e9sistance s&rsquo;organise, \u00e0 la fois au niveau local et national<\/a>\u00a0: en Roumanie, en Tunisie, au Qu\u00e9bec, au Royaume-Uni, et demain au <a href=\"http:\/\/www.reporterre.net\/spip.php?article5060\" target=\"_blank\">Bostwana, dans les territoires occup\u00e9s par les Bushmen<\/a>, en Alg\u00e9rie, dans bien des pays d&rsquo;Am\u00e9rique du sud,\u00a0etc.\u00a0Les compagnies mini\u00e8res qui engagent des travaux savent qu&rsquo;elles devront non seulement se heurter \u00e0 l&rsquo;opposition\u00a0des populations locales, m\u00eame de faibles importance, mais aussi, qu&rsquo;\u00e0 l&rsquo;heure o\u00f9 l&rsquo;information circule extr\u00eamement rapidement sur la toile, faire face \u00e0 la critique et aux d\u00e9nonciations venues de militants situ\u00e9s aux quatre coins du globe.<\/p>\n<p>Ces compagnies s&rsquo;appuient sur la puissance des pouvoirs publics, lesquels leur ont accord\u00e9 le permis d&rsquo;exploitation, et assurent en quelque sorte le service apr\u00e8s-vente. \u00a0Ce SAV sinistre,\u00a0se pratique en toutes latitudes, au m\u00e9pris de la d\u00e9mocratie : on r\u00e9duit autant que possible le d\u00e9bat public, et, le plus souvent, les habitants ou bien sont mis en face du fait accompli, voyant d\u00e9barquer un beau jour\u00a0les engins de d\u00e9blaiement et de terrassement, ou bien sentent, \u00e0 raison, que leur avis ne compte gu\u00e8re, que les d\u00e9cisions viennent d&rsquo;en-haut, comme on dit chez nous, et se jouent dans les coursives discr\u00e8tes du pouvoir.\u00a0\u00a0Puis on tente d&rsquo;\u00e9teindre la contestation, en utilisant\u00a0des techniques bien connues : renverser l&rsquo;opinion publique de mani\u00e8re \u00e0 isoler les opposants \u2014 l&rsquo;argumentaire concernant l\u2019exploitation\u00a0du gaz non conventionnel est d\u00e9j\u00e0 bien rod\u00e9 : la suppos\u00e9e crise dans lequel le pays est plong\u00e9, les promesses de cr\u00e9ation d&#8217;emploi, la n\u00e9cessit\u00e9 d&rsquo;acc\u00e9der \u00e0 l&rsquo;ind\u00e9pendance \u00e9nerg\u00e9tique, etc. \u2014 ; dans le m\u00eame temps, on envoie les forces\u00a0de l&rsquo;ordre pour mater les premi\u00e8res manifestations de r\u00e9bellion sur le terrain, avant que les journalistes d\u00e9barquent \u2014 il s&rsquo;agit l\u00e0 non seulement d&rsquo;intimider, mais de briser, d&rsquo;humilier, de terrifier. Le recours \u00e0 la violence est fr\u00e9quent dans tous les pays, l&rsquo;appel fait \u00e0 des \u00ab\u00a0casseurs\u00a0\u00bb utilis\u00e9s pour discr\u00e9diter les mouvements militants est plus courant qu&rsquo;on ne le croit. Et quand la situation a suffisamment d\u00e9g\u00e9n\u00e9r\u00e9, que\u00a0s&rsquo;est instaur\u00e9 un v\u00e9ritable \u00e9tat de guerre, le pouvoir\u00a0endosse \u00e0 nouveau de rh\u00e9teur,\u00a0d\u00e9cr\u00e9tant l&rsquo;\u00e9tat d&rsquo;urgence,\u00a0se sent l\u00e9gitim\u00e9 \u00e0 r\u00e9tablir l&rsquo;ordre apr\u00e8s avoir cr\u00e9\u00e9 le d\u00e9sordre \u2014 et\u00a0diffuse un portrait des militants et des habitants\u00a0tendant \u00e0 les pr\u00e9senter comme des \u00e9colos chevelus allum\u00e9s, coup\u00e9s des r\u00e9alit\u00e9s, \u00e9go\u00efstes, fain\u00e9ants, dont le cas rel\u00e8ve de la psychiatrie, et donc, \u00e9ventuellement, terroristes en puissance. J&rsquo;exag\u00e8re \u00e0 peine : ces signifiants finissent toujours par circuler dans les discours et dans les actes : combien d&rsquo;opposants \u00e0 ce genre de projet ont vu leur r\u00e9putation et leur situation \u00e9conomique ruin\u00e9es avant m\u00eame la fin des conflits !\u00a0 Apr\u00e8s quoi, quand l&rsquo;int\u00e9r\u00eat des m\u00e9dias est retomb\u00e9, et les militants suffisamment bris\u00e9s, quand la r\u00e9signation s&rsquo;est abattu sur les villages, on laisse pourrir la situation, et les travaux reprennent. Juste une question de patience donc.<\/p>\n<p>Il est grand temps qu&rsquo;en France et en Europe s&rsquo;impose une nouvelle grille de lecture plus efficace et moins morcel\u00e9e des situations de lutte sociales et environnementales qui ne manqueront pas de se multiplier dans le futur. J&rsquo;\u00e9voque souvent sur ce blog l&rsquo;id\u00e9e d&rsquo;un droit aux paysages dans lesquels nous voulons vivre. J&#8217;emploie ce mot \u00abpaysage\u00bb dans un sens tout \u00e0 fait vulgaire, qui co\u00efncide pourtant sur\u00a0bien des points avec l&rsquo;un ou l&rsquo;autre des usages \u00ab\u00a0savants\u00a0\u00bb. Si la d\u00e9mocratie n&rsquo;est pas qu&rsquo;un\u00a0artifice\u00a0rh\u00e9torique, alors il faut instaurer au niveau local, pour chaque projet qui implique une modification importante du paysage, des modalit\u00e9s de consultation s\u00e9rieuse des populations qui habitent ces territoires : les dispositifs existant sont bien trop limit\u00e9s, et ne sont r\u00e9serv\u00e9s dans le meilleur des cas\u00a0qu&rsquo;aux experts.\u00a0Seule\u00a0la mise en place syst\u00e9matique d&rsquo;un r\u00e9f\u00e9rendum (au niveau d&rsquo;une commune, d&rsquo;une communaut\u00e9 de commune, ou de ce qu&rsquo;on appelle \u00ab\u00a0un pays\u00a0\u00bb) susciterait v\u00e9ritablement un d\u00e9bat impliquant r\u00e9ellement chaque habitant. Ces modalit\u00e9s pratiques devraient \u00eatre guid\u00e9es\u00a0par une philosophie plus g\u00e9n\u00e9rale, inspir\u00e9es pourquoi pas du mouvement de l\u2019 <a href=\"http:\/\/fr.solecopedia.org\/index.php?title=Justice_environnementale\" target=\"_blank\">\u00ab<em> environnemental justice<\/em> \u00bb<\/a> \u00e0 l&rsquo;am\u00e9ricaine : une vision plus large, qui permettrait de penser ensemble, sous\u00a0des cat\u00e9gories g\u00e9n\u00e9rales, devant \u00eatre prises en compte par le droit, des situations localis\u00e9es : le morcellement des cas, l&rsquo;isolement des populations concern\u00e9es, leur \u00e9loignement des centres de d\u00e9cision, profitent au pouvoir, qui a tout int\u00e9r\u00eat diviser les habitants, accro\u00eetre leur isolement, freiner tout mouvement f\u00e9d\u00e9rateur, afin de r\u00e9duire autant que possible les contestations au silence. Faire entendre ces voix \u2014 lesquelles, la plupart du temps, n&rsquo;ont pas l&rsquo;habitude de se faire entendre, constitue encore et toujours l&rsquo;enjeu majeur des luttes sociales et environnementales. Ce que les militants de l&rsquo;environnemental justice nord-am\u00e9ricains d\u00e9signent par \u00ab\u00a0<em>yearning<\/em>\u00a0\u00bb \u2014 terme, nous explique \u00c9milie Hache, emprunt\u00e9 \u00e0 la spiritualit\u00e9 black par les mouvements f\u00e9ministes noirs am\u00e9ricaines.<\/p>\n<p>&nbsp;<\/p>\n<blockquote><p>\u00ab Yearning exprime tout \u00e0 la fois la col\u00e8re et la tristesse de voir que ces liens entre enjeux environnementaux et in\u00e9galit\u00e9s sont encore et toujours combattus, et ce malgr\u00e9 l\u2019urgence, pr\u00e9cis\u00e9ment. Face aux cons\u00e9quences du r\u00e9chauffement climatique, ces in\u00e9galit\u00e9s risquent bien au contraire d\u2019\u00eatre de plus en plus violentes et de donner lieu \u00e0 des r\u00e9ponses toujours plus \u00ab barbares \u00bb19, passant par des politiques d\u2019abandon des populations les plus vuln\u00e9rables (qui n\u2019ont pas les moyens de partir si besoin est, mais aussi de se soigner, d\u2019acc\u00e9der \u00e0 une \u00e9nergie toujours plus ch\u00e8re, ou encore d\u2019habiter dans des endroits salubres et d\u00e9cents, etc.). Qu\u2019est-ce qui est donc urgent, si ce n\u2019est de faire une place \u00e0 cette question ? \u00ab Yearning ! \u00bb devant la difficult\u00e9 de faire entendre cette position fragile parce que complexe et exigeant du temps pour \u00eatre d\u00e9ploy\u00e9e, face \u00e0 l\u2019assurance tout terrain d\u2019un environnementalisme des riches, \u00ab yearning ! \u00bb comme appel \u00e0 toutes ces vies vol\u00e9es pass\u00e9es et \u00e0 venir, c\u2019est-\u00e0-dire aussi \u00e0 tous ces autres mondes possibles, pour continuer \u00e0 se battre. C\u2019est la raison pour laquelle, si les acteurs du Mouvement de justice environnementale refusent le nom d\u2019\u00e9cologistes, il me semble crucial au contraire de se r\u00e9approprier, \u00ab occuper \u00bb, ce nom, cet usage participant \u00e0 transformer ces op\u00e9rations de d\u00e9possessions en mobilisations collectives. \u00bb (<a href=\"http:\/\/www.contretemps.eu\/culture\/justice-environnementale-ici-l%C3%A0-bas#footnote19_0lwiak7\" target=\"_blank\">\u00c9milie Hache, \u00ab\u00a0Justice environnementale, ici et l\u00e0-bas \u00bb<\/a>)<\/p><\/blockquote>\n<p>&nbsp;<\/p>\n<p>&nbsp;<\/p>\n<p>&nbsp;<\/p>\n<p>&nbsp;<\/p>\n<p>SOURCE : <a href=\"http:\/\/www.reporterre.net\/spip.php?article5057\" target=\"_blank\">Tous les articles de\u00a0Reporterre\u00a0\u00e0\u00a0ce sujet.<\/a><\/p>\n<p><a href=\"http:\/\/www.liberation.fr\/terre\/2013\/06\/11\/un-paysage-fracture_910078\" target=\"_blank\">Lib\u00e9ration : Tribune de Fran\u00e7ois Taulelle, un paysage fractur\u00e9.<\/a><\/p>\n<p><a href=\"http:\/\/bastagazales.fr\/\" target=\"_blank\">Basta!Gaz : Toute l&rsquo;actualit\u00e9 de la lutte contre le gaz de schiste<\/a><\/p>\n<p>Voir aussi : <a href=\"http:\/\/stopgazdeschiste.org\/\" target=\"_blank\">http:\/\/stopgazdeschiste.org\/<\/a><\/p>\n<p><a href=\"https:\/\/www.facebook.com\/pages\/Collectif-Sans-Gaz-De-Schiste-Vaucluse\/154433984610848?sk=info\" target=\"_blank\">Collectif non au gaz de Schiste dans le Lub\u00e9ron<\/a><\/p>\n<p><a href=\"https:\/\/outsiderland.com\/danahilliot\/wp-content\/uploads\/2014\/10\/10672352_10154601242495333_2171605751916246706_n.jpg\"><img decoding=\"async\" class=\"alignleft wp-image-1302 size-medium\" src=\"https:\/\/outsiderland.com\/danahilliot\/wp-content\/uploads\/2014\/10\/10672352_10154601242495333_2171605751916246706_n-300x111.jpg\" alt=\"10672352_10154601242495333_2171605751916246706_n\" width=\"300\" height=\"111\" srcset=\"https:\/\/outsiderland.com\/danahilliot\/wp-content\/uploads\/2014\/10\/10672352_10154601242495333_2171605751916246706_n-300x111.jpg 300w, https:\/\/outsiderland.com\/danahilliot\/wp-content\/uploads\/2014\/10\/10672352_10154601242495333_2171605751916246706_n-768x284.jpg 768w, https:\/\/outsiderland.com\/danahilliot\/wp-content\/uploads\/2014\/10\/10672352_10154601242495333_2171605751916246706_n-590x218.jpg 590w, https:\/\/outsiderland.com\/danahilliot\/wp-content\/uploads\/2014\/10\/10672352_10154601242495333_2171605751916246706_n.jpg 851w\" sizes=\"(max-width: 300px) 100vw, 300px\" \/><\/a><\/p>\n<p>PS : Quelques jours apr\u00e8s la publication de ce texte, un jeune homme R\u00e9my Fraisse, d\u00e9c\u00e9dait lors d&rsquo;affrontements avec les CRS autour du barrage de Siven. Les manifestations organis\u00e9es dans plusieurs villes de France d\u00e9g\u00e9n\u00e9raient \u00e9galement en conflits s\u00e9rieux. Plus les pouvoirs publics continueront \u00e0 m\u00e9priser les revendications des opposants \u00e0 ce type de projet, plus les militants se radicaliseront. Il est trop facile d&rsquo;envoyer des forces de l&rsquo;ordre disposant d&rsquo;un blanc-seing afin d&rsquo;intimider (c&rsquo;est un euph\u00e9misme) ces \u00ab\u00a0chevelus \u00e9colos irresponsables\u00a0\u00bb pour ensuite se r\u00e9clamer de la compassion, de la v\u00e9rit\u00e9, et d&rsquo;en appeler \u00e0 la raison. La d\u00e9raison est inscrite dans ces projets, dans leur essence m\u00eame et dans la mani\u00e8re de rogner les d\u00e9bats publics pr\u00e9alables \u00e0 leur mise en place.<\/p>\n","protected":false},"excerpt":{"rendered":"<p>Les promesses sont dures \u00e0 tenir \u00c0 l&rsquo;heure o\u00f9 les repr\u00e9sentants de la plupart des partis politiques fran\u00e7ais piaffent d&rsquo;impatience \u00e0 l&rsquo;id\u00e9e de lancer les premiers forages de gaz de schiste sur le territoire \u2014\u00a0avec un certain enthousiasme \u00e0 droite, et quelques r\u00e9serves (de principes ?) \u00e0 \u00ab gauche \u00bb\u00a0\u2014 Montebourg disait r\u00e9cemment \u00a0: \u00ab&hellip;<\/p>\n <a href=\"https:\/\/outsiderland.com\/danahilliot\/gaz-de-schiste-et-conflits-sociaux-un-cas-de-justice-environnementale\/\" title=\"Gaz de schiste et conflits sociaux : un cas de justice environnementale\" class=\"entry-more-link\"><span>Read More<\/span> <span class=\"screen-reader-text\">Gaz de schiste et conflits sociaux : un cas de justice environnementale<\/span><\/a>","protected":false},"author":1,"featured_media":1395,"comment_status":"closed","ping_status":"closed","sticky":false,"template":"","format":"standard","meta":{"Layout":"","footnotes":"","jetpack_publicize_message":"","jetpack_publicize_feature_enabled":true,"jetpack_social_post_already_shared":false,"jetpack_social_options":{"image_generator_settings":{"template":"highway","default_image_id":0,"font":"","enabled":false},"version":2}},"categories":[42],"tags":[43,44,45,46],"class_list":["entry","author-danah","post-1192","post","type-post","status-publish","format-standard","has-post-thumbnail","category-justice-environnementale","tag-extraction","tag-gaz","tag-minier","tag-politique"],"yoast_head":"<!-- This site is optimized with the Yoast SEO plugin v27.0 - https:\/\/yoast.com\/product\/yoast-seo-wordpress\/ -->\n<title>Gaz de schiste et conflits sociaux : un cas de justice environnementale - Outside Dana Hilliot<\/title>\n<meta name=\"robots\" content=\"index, follow, max-snippet:-1, max-image-preview:large, max-video-preview:-1\" \/>\n<link rel=\"canonical\" href=\"https:\/\/outsiderland.com\/danahilliot\/gaz-de-schiste-et-conflits-sociaux-un-cas-de-justice-environnementale\/\" \/>\n<meta property=\"og:locale\" content=\"fr_FR\" \/>\n<meta property=\"og:type\" content=\"article\" \/>\n<meta property=\"og:title\" content=\"Gaz de schiste et conflits sociaux : un cas de justice environnementale - Outside Dana Hilliot\" \/>\n<meta property=\"og:description\" content=\"Les promesses sont dures \u00e0 tenir \u00c0 l&rsquo;heure o\u00f9 les repr\u00e9sentants de la plupart des partis politiques fran\u00e7ais piaffent d&rsquo;impatience \u00e0 l&rsquo;id\u00e9e de lancer les premiers forages de gaz de schiste sur le territoire \u2014\u00a0avec un certain enthousiasme \u00e0 droite, et quelques r\u00e9serves (de principes ?) \u00e0 \u00ab gauche \u00bb\u00a0\u2014 Montebourg disait r\u00e9cemment \u00a0: \u00ab&hellip;\" \/>\n<meta property=\"og:url\" content=\"https:\/\/outsiderland.com\/danahilliot\/gaz-de-schiste-et-conflits-sociaux-un-cas-de-justice-environnementale\/\" \/>\n<meta property=\"og:site_name\" content=\"Outside Dana Hilliot\" \/>\n<meta property=\"article:published_time\" content=\"2014-10-09T09:20:57+00:00\" \/>\n<meta property=\"og:image\" content=\"https:\/\/outsiderland.com\/danahilliot\/wp-content\/uploads\/2014\/10\/extraction_gaz_de_schiste_wyoming2.jpg\" \/>\n\t<meta property=\"og:image:width\" content=\"500\" \/>\n\t<meta property=\"og:image:height\" content=\"362\" \/>\n\t<meta property=\"og:image:type\" content=\"image\/jpeg\" \/>\n<meta name=\"author\" content=\"danah\" \/>\n<meta name=\"twitter:card\" content=\"summary_large_image\" \/>\n<meta name=\"twitter:label1\" content=\"\u00c9crit par\" \/>\n\t<meta name=\"twitter:data1\" content=\"danah\" \/>\n\t<meta name=\"twitter:label2\" content=\"Dur\u00e9e de lecture estim\u00e9e\" \/>\n\t<meta name=\"twitter:data2\" content=\"17 minutes\" \/>\n<script type=\"application\/ld+json\" class=\"yoast-schema-graph\">{\"@context\":\"https:\/\/schema.org\",\"@graph\":[{\"@type\":\"Article\",\"@id\":\"https:\/\/outsiderland.com\/danahilliot\/gaz-de-schiste-et-conflits-sociaux-un-cas-de-justice-environnementale\/#article\",\"isPartOf\":{\"@id\":\"https:\/\/outsiderland.com\/danahilliot\/gaz-de-schiste-et-conflits-sociaux-un-cas-de-justice-environnementale\/\"},\"author\":{\"name\":\"danah\",\"@id\":\"https:\/\/outsiderland.com\/danahilliot\/#\/schema\/person\/2f9b92e9fff19bccc36638b10510d5ae\"},\"headline\":\"Gaz de schiste et conflits sociaux : un cas de justice environnementale\",\"datePublished\":\"2014-10-09T09:20:57+00:00\",\"mainEntityOfPage\":{\"@id\":\"https:\/\/outsiderland.com\/danahilliot\/gaz-de-schiste-et-conflits-sociaux-un-cas-de-justice-environnementale\/\"},\"wordCount\":3503,\"publisher\":{\"@id\":\"https:\/\/outsiderland.com\/danahilliot\/#\/schema\/person\/201a1fef0f5c2897bd65e98bcf6b1179\"},\"image\":{\"@id\":\"https:\/\/outsiderland.com\/danahilliot\/gaz-de-schiste-et-conflits-sociaux-un-cas-de-justice-environnementale\/#primaryimage\"},\"thumbnailUrl\":\"https:\/\/outsiderland.com\/danahilliot\/wp-content\/uploads\/2014\/10\/extraction_gaz_de_schiste_wyoming2.jpg\",\"keywords\":[\"extraction\",\"gaz\",\"minier\",\"politique\"],\"articleSection\":[\"Justice environnementale\"],\"inLanguage\":\"fr-FR\"},{\"@type\":\"WebPage\",\"@id\":\"https:\/\/outsiderland.com\/danahilliot\/gaz-de-schiste-et-conflits-sociaux-un-cas-de-justice-environnementale\/\",\"url\":\"https:\/\/outsiderland.com\/danahilliot\/gaz-de-schiste-et-conflits-sociaux-un-cas-de-justice-environnementale\/\",\"name\":\"Gaz de schiste et conflits sociaux : un cas de justice environnementale - Outside Dana Hilliot\",\"isPartOf\":{\"@id\":\"https:\/\/outsiderland.com\/danahilliot\/#website\"},\"primaryImageOfPage\":{\"@id\":\"https:\/\/outsiderland.com\/danahilliot\/gaz-de-schiste-et-conflits-sociaux-un-cas-de-justice-environnementale\/#primaryimage\"},\"image\":{\"@id\":\"https:\/\/outsiderland.com\/danahilliot\/gaz-de-schiste-et-conflits-sociaux-un-cas-de-justice-environnementale\/#primaryimage\"},\"thumbnailUrl\":\"https:\/\/outsiderland.com\/danahilliot\/wp-content\/uploads\/2014\/10\/extraction_gaz_de_schiste_wyoming2.jpg\",\"datePublished\":\"2014-10-09T09:20:57+00:00\",\"breadcrumb\":{\"@id\":\"https:\/\/outsiderland.com\/danahilliot\/gaz-de-schiste-et-conflits-sociaux-un-cas-de-justice-environnementale\/#breadcrumb\"},\"inLanguage\":\"fr-FR\",\"potentialAction\":[{\"@type\":\"ReadAction\",\"target\":[\"https:\/\/outsiderland.com\/danahilliot\/gaz-de-schiste-et-conflits-sociaux-un-cas-de-justice-environnementale\/\"]}]},{\"@type\":\"ImageObject\",\"inLanguage\":\"fr-FR\",\"@id\":\"https:\/\/outsiderland.com\/danahilliot\/gaz-de-schiste-et-conflits-sociaux-un-cas-de-justice-environnementale\/#primaryimage\",\"url\":\"https:\/\/outsiderland.com\/danahilliot\/wp-content\/uploads\/2014\/10\/extraction_gaz_de_schiste_wyoming2.jpg\",\"contentUrl\":\"https:\/\/outsiderland.com\/danahilliot\/wp-content\/uploads\/2014\/10\/extraction_gaz_de_schiste_wyoming2.jpg\",\"width\":500,\"height\":362,\"caption\":\"La ville de Sonora est un exemple typique du mitage de paysage et n\u2019est pas la seule dans ce cas l\u00e0. Ces sites d\u2019exploitation s\u2019\u00e9tendent sur plusieurs hectares ferm\u00e9s au public et certains sites naturels sont compl\u00e8tement d\u00e9truits.\"},{\"@type\":\"BreadcrumbList\",\"@id\":\"https:\/\/outsiderland.com\/danahilliot\/gaz-de-schiste-et-conflits-sociaux-un-cas-de-justice-environnementale\/#breadcrumb\",\"itemListElement\":[{\"@type\":\"ListItem\",\"position\":1,\"name\":\"Accueil\",\"item\":\"https:\/\/outsiderland.com\/danahilliot\/\"},{\"@type\":\"ListItem\",\"position\":2,\"name\":\"Gaz de schiste et conflits sociaux : un cas de justice environnementale\"}]},{\"@type\":\"WebSite\",\"@id\":\"https:\/\/outsiderland.com\/danahilliot\/#website\",\"url\":\"https:\/\/outsiderland.com\/danahilliot\/\",\"name\":\"Outside Dana Hilliot\",\"description\":\". Archives . Activit\u00e9s . Projets .\",\"publisher\":{\"@id\":\"https:\/\/outsiderland.com\/danahilliot\/#\/schema\/person\/201a1fef0f5c2897bd65e98bcf6b1179\"},\"potentialAction\":[{\"@type\":\"SearchAction\",\"target\":{\"@type\":\"EntryPoint\",\"urlTemplate\":\"https:\/\/outsiderland.com\/danahilliot\/?s={search_term_string}\"},\"query-input\":{\"@type\":\"PropertyValueSpecification\",\"valueRequired\":true,\"valueName\":\"search_term_string\"}}],\"inLanguage\":\"fr-FR\"},{\"@type\":[\"Person\",\"Organization\"],\"@id\":\"https:\/\/outsiderland.com\/danahilliot\/#\/schema\/person\/201a1fef0f5c2897bd65e98bcf6b1179\",\"name\":\"danahilliot\",\"image\":{\"@type\":\"ImageObject\",\"inLanguage\":\"fr-FR\",\"@id\":\"https:\/\/outsiderland.com\/danahilliot\/#\/schema\/person\/image\/\",\"url\":\"https:\/\/outsiderland.com\/danahilliot\/wp-content\/uploads\/2026\/02\/50801449407_a909f2c1ad_k.jpg\",\"contentUrl\":\"https:\/\/outsiderland.com\/danahilliot\/wp-content\/uploads\/2026\/02\/50801449407_a909f2c1ad_k.jpg\",\"width\":2048,\"height\":1536,\"caption\":\"danahilliot\"},\"logo\":{\"@id\":\"https:\/\/outsiderland.com\/danahilliot\/#\/schema\/person\/image\/\"}},{\"@type\":\"Person\",\"@id\":\"https:\/\/outsiderland.com\/danahilliot\/#\/schema\/person\/2f9b92e9fff19bccc36638b10510d5ae\",\"name\":\"danah\",\"image\":{\"@type\":\"ImageObject\",\"inLanguage\":\"fr-FR\",\"@id\":\"https:\/\/outsiderland.com\/danahilliot\/#\/schema\/person\/image\/\",\"url\":\"https:\/\/secure.gravatar.com\/avatar\/ed6349755e1d97f204277de3d09fc6ac31abd856835c8ea3c3a30d0aa84b0ddd?s=96&d=mm&r=g\",\"contentUrl\":\"https:\/\/secure.gravatar.com\/avatar\/ed6349755e1d97f204277de3d09fc6ac31abd856835c8ea3c3a30d0aa84b0ddd?s=96&d=mm&r=g\",\"caption\":\"danah\"},\"url\":\"https:\/\/outsiderland.com\/danahilliot\/author\/danah\/\"}]}<\/script>\n<!-- \/ Yoast SEO plugin. -->","yoast_head_json":{"title":"Gaz de schiste et conflits sociaux : un cas de justice environnementale - Outside Dana Hilliot","robots":{"index":"index","follow":"follow","max-snippet":"max-snippet:-1","max-image-preview":"max-image-preview:large","max-video-preview":"max-video-preview:-1"},"canonical":"https:\/\/outsiderland.com\/danahilliot\/gaz-de-schiste-et-conflits-sociaux-un-cas-de-justice-environnementale\/","og_locale":"fr_FR","og_type":"article","og_title":"Gaz de schiste et conflits sociaux : un cas de justice environnementale - Outside Dana Hilliot","og_description":"Les promesses sont dures \u00e0 tenir \u00c0 l&rsquo;heure o\u00f9 les repr\u00e9sentants de la plupart des partis politiques fran\u00e7ais piaffent d&rsquo;impatience \u00e0 l&rsquo;id\u00e9e de lancer les premiers forages de gaz de schiste sur le territoire \u2014\u00a0avec un certain enthousiasme \u00e0 droite, et quelques r\u00e9serves (de principes ?) \u00e0 \u00ab gauche \u00bb\u00a0\u2014 Montebourg disait r\u00e9cemment \u00a0: \u00ab&hellip;","og_url":"https:\/\/outsiderland.com\/danahilliot\/gaz-de-schiste-et-conflits-sociaux-un-cas-de-justice-environnementale\/","og_site_name":"Outside Dana Hilliot","article_published_time":"2014-10-09T09:20:57+00:00","og_image":[{"width":500,"height":362,"url":"https:\/\/outsiderland.com\/danahilliot\/wp-content\/uploads\/2014\/10\/extraction_gaz_de_schiste_wyoming2.jpg","type":"image\/jpeg"}],"author":"danah","twitter_card":"summary_large_image","twitter_misc":{"\u00c9crit par":"danah","Dur\u00e9e de lecture estim\u00e9e":"17 minutes"},"schema":{"@context":"https:\/\/schema.org","@graph":[{"@type":"Article","@id":"https:\/\/outsiderland.com\/danahilliot\/gaz-de-schiste-et-conflits-sociaux-un-cas-de-justice-environnementale\/#article","isPartOf":{"@id":"https:\/\/outsiderland.com\/danahilliot\/gaz-de-schiste-et-conflits-sociaux-un-cas-de-justice-environnementale\/"},"author":{"name":"danah","@id":"https:\/\/outsiderland.com\/danahilliot\/#\/schema\/person\/2f9b92e9fff19bccc36638b10510d5ae"},"headline":"Gaz de schiste et conflits sociaux : un cas de justice environnementale","datePublished":"2014-10-09T09:20:57+00:00","mainEntityOfPage":{"@id":"https:\/\/outsiderland.com\/danahilliot\/gaz-de-schiste-et-conflits-sociaux-un-cas-de-justice-environnementale\/"},"wordCount":3503,"publisher":{"@id":"https:\/\/outsiderland.com\/danahilliot\/#\/schema\/person\/201a1fef0f5c2897bd65e98bcf6b1179"},"image":{"@id":"https:\/\/outsiderland.com\/danahilliot\/gaz-de-schiste-et-conflits-sociaux-un-cas-de-justice-environnementale\/#primaryimage"},"thumbnailUrl":"https:\/\/outsiderland.com\/danahilliot\/wp-content\/uploads\/2014\/10\/extraction_gaz_de_schiste_wyoming2.jpg","keywords":["extraction","gaz","minier","politique"],"articleSection":["Justice environnementale"],"inLanguage":"fr-FR"},{"@type":"WebPage","@id":"https:\/\/outsiderland.com\/danahilliot\/gaz-de-schiste-et-conflits-sociaux-un-cas-de-justice-environnementale\/","url":"https:\/\/outsiderland.com\/danahilliot\/gaz-de-schiste-et-conflits-sociaux-un-cas-de-justice-environnementale\/","name":"Gaz de schiste et conflits sociaux : un cas de justice environnementale - Outside Dana Hilliot","isPartOf":{"@id":"https:\/\/outsiderland.com\/danahilliot\/#website"},"primaryImageOfPage":{"@id":"https:\/\/outsiderland.com\/danahilliot\/gaz-de-schiste-et-conflits-sociaux-un-cas-de-justice-environnementale\/#primaryimage"},"image":{"@id":"https:\/\/outsiderland.com\/danahilliot\/gaz-de-schiste-et-conflits-sociaux-un-cas-de-justice-environnementale\/#primaryimage"},"thumbnailUrl":"https:\/\/outsiderland.com\/danahilliot\/wp-content\/uploads\/2014\/10\/extraction_gaz_de_schiste_wyoming2.jpg","datePublished":"2014-10-09T09:20:57+00:00","breadcrumb":{"@id":"https:\/\/outsiderland.com\/danahilliot\/gaz-de-schiste-et-conflits-sociaux-un-cas-de-justice-environnementale\/#breadcrumb"},"inLanguage":"fr-FR","potentialAction":[{"@type":"ReadAction","target":["https:\/\/outsiderland.com\/danahilliot\/gaz-de-schiste-et-conflits-sociaux-un-cas-de-justice-environnementale\/"]}]},{"@type":"ImageObject","inLanguage":"fr-FR","@id":"https:\/\/outsiderland.com\/danahilliot\/gaz-de-schiste-et-conflits-sociaux-un-cas-de-justice-environnementale\/#primaryimage","url":"https:\/\/outsiderland.com\/danahilliot\/wp-content\/uploads\/2014\/10\/extraction_gaz_de_schiste_wyoming2.jpg","contentUrl":"https:\/\/outsiderland.com\/danahilliot\/wp-content\/uploads\/2014\/10\/extraction_gaz_de_schiste_wyoming2.jpg","width":500,"height":362,"caption":"La ville de Sonora est un exemple typique du mitage de paysage et n\u2019est pas la seule dans ce cas l\u00e0. Ces sites d\u2019exploitation s\u2019\u00e9tendent sur plusieurs hectares ferm\u00e9s au public et certains sites naturels sont compl\u00e8tement d\u00e9truits."},{"@type":"BreadcrumbList","@id":"https:\/\/outsiderland.com\/danahilliot\/gaz-de-schiste-et-conflits-sociaux-un-cas-de-justice-environnementale\/#breadcrumb","itemListElement":[{"@type":"ListItem","position":1,"name":"Accueil","item":"https:\/\/outsiderland.com\/danahilliot\/"},{"@type":"ListItem","position":2,"name":"Gaz de schiste et conflits sociaux : un cas de justice environnementale"}]},{"@type":"WebSite","@id":"https:\/\/outsiderland.com\/danahilliot\/#website","url":"https:\/\/outsiderland.com\/danahilliot\/","name":"Outside Dana Hilliot","description":". Archives . Activit\u00e9s . Projets .","publisher":{"@id":"https:\/\/outsiderland.com\/danahilliot\/#\/schema\/person\/201a1fef0f5c2897bd65e98bcf6b1179"},"potentialAction":[{"@type":"SearchAction","target":{"@type":"EntryPoint","urlTemplate":"https:\/\/outsiderland.com\/danahilliot\/?s={search_term_string}"},"query-input":{"@type":"PropertyValueSpecification","valueRequired":true,"valueName":"search_term_string"}}],"inLanguage":"fr-FR"},{"@type":["Person","Organization"],"@id":"https:\/\/outsiderland.com\/danahilliot\/#\/schema\/person\/201a1fef0f5c2897bd65e98bcf6b1179","name":"danahilliot","image":{"@type":"ImageObject","inLanguage":"fr-FR","@id":"https:\/\/outsiderland.com\/danahilliot\/#\/schema\/person\/image\/","url":"https:\/\/outsiderland.com\/danahilliot\/wp-content\/uploads\/2026\/02\/50801449407_a909f2c1ad_k.jpg","contentUrl":"https:\/\/outsiderland.com\/danahilliot\/wp-content\/uploads\/2026\/02\/50801449407_a909f2c1ad_k.jpg","width":2048,"height":1536,"caption":"danahilliot"},"logo":{"@id":"https:\/\/outsiderland.com\/danahilliot\/#\/schema\/person\/image\/"}},{"@type":"Person","@id":"https:\/\/outsiderland.com\/danahilliot\/#\/schema\/person\/2f9b92e9fff19bccc36638b10510d5ae","name":"danah","image":{"@type":"ImageObject","inLanguage":"fr-FR","@id":"https:\/\/outsiderland.com\/danahilliot\/#\/schema\/person\/image\/","url":"https:\/\/secure.gravatar.com\/avatar\/ed6349755e1d97f204277de3d09fc6ac31abd856835c8ea3c3a30d0aa84b0ddd?s=96&d=mm&r=g","contentUrl":"https:\/\/secure.gravatar.com\/avatar\/ed6349755e1d97f204277de3d09fc6ac31abd856835c8ea3c3a30d0aa84b0ddd?s=96&d=mm&r=g","caption":"danah"},"url":"https:\/\/outsiderland.com\/danahilliot\/author\/danah\/"}]}},"jetpack_publicize_connections":[],"_links":{"self":[{"href":"https:\/\/outsiderland.com\/danahilliot\/wp-json\/wp\/v2\/posts\/1192","targetHints":{"allow":["GET"]}}],"collection":[{"href":"https:\/\/outsiderland.com\/danahilliot\/wp-json\/wp\/v2\/posts"}],"about":[{"href":"https:\/\/outsiderland.com\/danahilliot\/wp-json\/wp\/v2\/types\/post"}],"author":[{"embeddable":true,"href":"https:\/\/outsiderland.com\/danahilliot\/wp-json\/wp\/v2\/users\/1"}],"replies":[{"embeddable":true,"href":"https:\/\/outsiderland.com\/danahilliot\/wp-json\/wp\/v2\/comments?post=1192"}],"version-history":[{"count":0,"href":"https:\/\/outsiderland.com\/danahilliot\/wp-json\/wp\/v2\/posts\/1192\/revisions"}],"wp:featuredmedia":[{"embeddable":true,"href":"https:\/\/outsiderland.com\/danahilliot\/wp-json\/wp\/v2\/media\/1395"}],"wp:attachment":[{"href":"https:\/\/outsiderland.com\/danahilliot\/wp-json\/wp\/v2\/media?parent=1192"}],"wp:term":[{"taxonomy":"category","embeddable":true,"href":"https:\/\/outsiderland.com\/danahilliot\/wp-json\/wp\/v2\/categories?post=1192"},{"taxonomy":"post_tag","embeddable":true,"href":"https:\/\/outsiderland.com\/danahilliot\/wp-json\/wp\/v2\/tags?post=1192"}],"curies":[{"name":"wp","href":"https:\/\/api.w.org\/{rel}","templated":true}]}}