{"id":1057,"date":"2014-08-23T20:58:29","date_gmt":"2014-08-23T19:58:29","guid":{"rendered":"https:\/\/outsiderland.com\/dehors\/?p=1057"},"modified":"2014-08-23T20:58:29","modified_gmt":"2014-08-23T19:58:29","slug":"les-randonneurs-entre-les-bergers-et-les-loups","status":"publish","type":"post","link":"https:\/\/outsiderland.com\/danahilliot\/les-randonneurs-entre-les-bergers-et-les-loups\/","title":{"rendered":"Les randonneurs entre chien et loup"},"content":{"rendered":"<p>Le d\u00e9bat sur la pr\u00e9sence du loup en milieu pastoral, concernait jusqu&rsquo;\u00e0 pr\u00e9sent \u00a0principalement les d\u00e9fenseurs de l&rsquo;environnement et les acteurs du pastoralisme. D\u00e9sormais, les d\u00e9fenseurs du pastoralisme, les plus\u00a0oppos\u00e9s au loup, s&rsquo;efforcent d&rsquo;y int\u00e9grer le tourisme \u2014 et les randonneurs.<\/p>\n<p>\u00ab\u00a0Les Etats G\u00e9n\u00e9raux du Pastoralisme et du Loup de l\u2019Arc Alpin\u00a0\u00bb (organis\u00e9s par les maires de 6 communes situ\u00e9es de part et d&rsquo;autres du col du Glandon) identifient plusieurs impacts int\u00e9ressants les randonneurs. Certains paraissent justifi\u00e9s, d&rsquo;autres rel\u00e8vent franchement du fantasme ou de la mauvaise foi. Je les rel\u00e8ve un par un :<\/p>\n<p>1. <em>\u00ab Probl\u00e8mes avec les chiens de protection impos\u00e9s dans les protocoles de protection des troupeaux \u00bb<\/em> \u2014 Oui. Il arrive que la rencontre entre les randonneurs et le patou d\u00e9g\u00e9n\u00e8re.\u00a0Le patou est un chien de protection, et il n&rsquo;appr\u00e9cie pas l&rsquo;irruption d&rsquo;un quidam inconnu sur le\u00a0territoire qu&rsquo;il prot\u00e8ge. J&rsquo;ai d&rsquo;abord envie de dire : \u00e7a ne date pas d&rsquo;hier. La rencontre avec des chiens agressifs constitue une \u00e9ventualit\u00e9 que\u00a0tout randonneur inform\u00e9 devrait pr\u00e9voir : je ne compte pas les fois o\u00f9 j&rsquo;ai trembl\u00e9 en traversant une ferme \u00e0 l&rsquo;occasion d&rsquo;une \u00a0randonn\u00e9e \u2014 je randonne depuis trente ans, dans tous les coins de France, et les chiens posent bien plus de probl\u00e8mes\u00a0\u00e0 la campagne qu&rsquo;en montagne ! \u00a0(Je me souviendrais toujours de ces deux doberman qui se sont pr\u00e9cipit\u00e9s sur moi alors que j&rsquo;allais en direction d&rsquo;une petite ferme perdue au milieu de la campagne limousine \u2014 le paysan, en entendant mes appels \u00e0 l&rsquo;aide, a siffl\u00e9 les chiens, qui sont rentr\u00e9s aussi sec au bercail. J&rsquo;ai m\u00eame pu les caresser en discutant avec leur ma\u00eetre qui m&rsquo;expliquait la route \u00e0 suivre. Si l&rsquo;exploitant n&rsquo;avait pas \u00e9t\u00e9 pr\u00e9sent \u00e0 ce moment-l\u00e0, je ne me s&rsquo;en serais peut-\u00eatre pas aussi bien tir\u00e9). Le probl\u00e8me du patou en montagne, c&rsquo;est qu&rsquo;il travaille souvent seul, le berger n&rsquo;est pas toujours dans les parages \u2014 et il serait absurde de demander au berger de surveiller son chien cens\u00e9 veilleur sur\u00a0le troupeau etc. Les acteurs du pastoralisme, on l&rsquo;aura not\u00e9, prennent bien soin de pr\u00e9ciser que le patou est <em>impos\u00e9<\/em> par les protocoles de protection des troupeaux. Il me semble toutefois qu&rsquo;on n&rsquo;a pas attendu la pr\u00e9sence du loup pour voir des patou dans les pr\u00e9s \u00e0 brebis. Par chez moi, dans le Cantal, o\u00f9 le loup vient \u00e0 peine de faire sa r\u00e9apparition, on voit quasiment de mani\u00e8re syst\u00e9matique\u00a0des patous accompagner les brebis \u2014 et, en tant que randonneur, je m&rsquo;en m\u00e9fie, surtout quand je me prom\u00e8ne avec mes propres chiens. J&rsquo;ai d\u00e9j\u00e0 eu \u00e0 affaire \u00e0 deux patous au petit matin pr\u00e8s d&rsquo;une ferme, et je n&rsquo;en menais pas large, quand bien m\u00eame ils semblaient plut\u00f4t dispos\u00e9s \u00e0 jouer. Les \u00e9leveurs que j&rsquo;interroge \u00e0 ce sujet admette que c&rsquo;est surtout une mani\u00e8re d&rsquo;occuper leurs chiens, bien que, de temps \u00e0 autres, <a href=\"https:\/\/www.facebook.com\/Chiens.errants\" target=\"_blank\">le troupeau subisse des agressions de chiens errants<\/a>\u00a0(un \u00e9leveur de brebis qui m\u00e8nent ces b\u00eates aux abords d&rsquo;une grande for\u00eat dans le Cantal a m\u00eame surpris un soir une v\u00e9ritable \u00ab\u00a0meute\u00a0\u00bb (je cite) de chiens errants au milieu du troupeau).<\/p>\n<p>2. <em>\u00ab surprises de randonneurs, lors de bivouac, inqui\u00e9tude justifi\u00e9e de randonneurs \u00e0 ski solitaires, attaques, parfois fatales, sur des humains dans d\u2019autres pays, etc\u2026\u00bb<\/em> \u2014 Si je comprends bien, on brandit ici le spectre d&rsquo;une attaque de loup sur l&rsquo;homme, et du sentiment d&rsquo;ins\u00e9curit\u00e9 cr\u00e9\u00e9 par la pr\u00e9sence du loup sur les randonneurs. Les attaques r\u00e9elles de loups\u00a0rel\u00e8vent actuellement du fantasme, m\u00eame si on \u00e9voque (vaguement) \u00ab\u00a0d&rsquo;autres pays\u00a0\u00bb. <a href=\"http:\/\/www.buvettedesalpages.be\/2006\/12\/attaques_loups.html\" target=\"_blank\">Les cas av\u00e9r\u00e9s, notamment en Europe, sont extr\u00eamement rares<\/a>. Quand \u00e0 la crainte du loup, elle fait partie du fonds commun de la culture. Les livres de\u00a0<a href=\"http:\/\/fr.wikipedia.org\/wiki\/Jean-Marc_Moriceau\" target=\"_blank\"><span style=\"color: #444444;\">Jean-Marc\u00a0<\/span><\/a><span class=\"search-results-highlight\" style=\"color: #444444;\"><a href=\"http:\/\/fr.wikipedia.org\/wiki\/Jean-Marc_Moriceau\" target=\"_blank\">Moriceau<\/a>\u00a0fond\u00e9s notamment sur les registres paroissiaux et de nombreux documents fran\u00e7ais depuis le moyen-\u00e2ge permettent de comprendre d&rsquo;o\u00f9 vient ce sentiment : les attaques de loups durant l&rsquo;histoire ont marqu\u00e9 les esprits, non pas en raison de leur fr\u00e9quence (bien que durant certains hivers froids et dans certains r\u00e9gions, les occurrences pouvaient \u00eatre importantes), mais parce qu&rsquo;elles touchaient avant tout des personnes vuln\u00e9rables (enfants et vieillards) et que les victimes offraient un spectacle insupportable. De la m\u00eame mani\u00e8re, d\u00e9couvrir au matin l&rsquo;\u00e9tat dans lequel les loups ont laiss\u00e9 les b\u00eates apr\u00e8s une attaque est tout \u00e0 fait traumatisant. Que certains touristes ou randonneurs puissent craindre le loup, je veux bien\u00a0l&rsquo;admettre, mais laisser entendre que leur crainte pourrait \u00eatre fond\u00e9e,\u00a0dans l&rsquo;\u00e9tat actuel des choses, cela rel\u00e8ve de la mauvaise foi. Dans des environnements o\u00f9 vivent des pr\u00e9dateurs bien plus dangereux pour l&rsquo;homme, <a href=\"https:\/\/outsiderland.com\/dehors\/?p=87\" target=\"_blank\">l&rsquo;ours en Alaska<\/a> ou le tigre dans certains for\u00eats de\u00a0Sib\u00e9rie orientale, on a bien des raisons d&rsquo;\u00eatre prudents et d&rsquo;apprendre \u00e0 se prot\u00e9ger en cas de rencontre : et pourtant, dans ces r\u00e9gions, il n&rsquo;est pas question d&rsquo;\u00e9radiquer les b\u00eates sauvages ou d&rsquo;interdire l&rsquo;acc\u00e8s aux randonneurs \u2014 c&rsquo;est aux risques et p\u00e9rils de ces derniers, qui sont d&rsquo;ailleurs en g\u00e9n\u00e9ral bien inform\u00e9s. <\/span><\/p>\n<p>3. <em>Le pastoralisme a \u00e9t\u00e9 consacr\u00e9 par les pouvoirs publics comme un des\u00a0acteurs primordiaux de la gestion et de l&rsquo;entretien des espaces montagnards : \u00ab Par leur contribution \u00e0 la production, \u00e0 l&#8217;emploi, \u00e0 l&rsquo;entretien des sols, \u00e0 la protection des paysages, \u00e0 la gestion et au d\u00e9veloppement de la biodiversit\u00e9, l&rsquo;agriculture, le pastoralisme et la for\u00eat de montagne sont reconnus d&rsquo;int\u00e9r\u00eat g\u00e9n\u00e9ral comme activit\u00e9s de base de la vie montagnarde et comme gestionnaires centraux de l&rsquo;espace montagnard \u00bb<\/em> (Article L113-1 du code Rural). En cons\u00e9quence de quoi, d\u00e9clarent les\u00a0\u00ab\u00a0Les Etats G\u00e9n\u00e9raux du Pastoralisme et du Loup de l\u2019Arc Alpin\u00a0\u00bb, le pastoralisme devrait avoir\u00a0priorit\u00e9 sur tous les autres usages du territoire, c&rsquo;est-\u00e0-dire, si l&rsquo;on comprend bien, sur les\u00a0randonneurs\u00a0et les loups. L&rsquo;argumentaire, que je reprends ci-apr\u00e8s, est assez tortueux :<\/p>\n<p>3.1.<em>\u00a0L&rsquo;entretien des paysages et de la biodiversit\u00e9 repose d&rsquo;abord sur l&rsquo;activit\u00e9 pastorale<\/em>\u00a0(on ne parle plus ici, notons-le au passage, des paysans qui \u00abnourrissent la plan\u00e8te\u00bb \u2014 bien des agriculteurs et \u00e9leveurs ont int\u00e9gr\u00e9 d\u00e9sormais dans leur discours la fonction pour laquelle ils sont, il faut bien l&rsquo;admettre, souvent r\u00e9mun\u00e9r\u00e9s, qui consiste \u00e0 entretenir le paysage.)<\/p>\n<p>=&gt;\u00a0Mais de quel paysage parle-t-on ? Il vaudrait mieux dire, le pastoralisme est effectivement en charge de maintenir ce paysage-l\u00e0, tel qu&rsquo;il se pr\u00e9sente aujourd&rsquo;hui. C&rsquo;est le choix que les pouvoirs publics ont fait de conserver un tel paysage plut\u00f4t que de laisser un autre paysage se dessiner.\u00a0J&rsquo;aime les paysages de p\u00e2ture, les grandes prairies et les estives, mais je ne crois pas qu&rsquo;ils soient pr\u00e9f\u00e9rables \u00e0 un autre paysage.\u00a0Et quels sont les crit\u00e8res qui nous feraient pr\u00e9f\u00e9rer un paysage \u00e0 un autre ? Des crit\u00e8res esth\u00e9tiques ? Des crit\u00e8res environnementaux, li\u00e9s \u00e0 la richesse et la diversit\u00e9 de la faune et de la flore ? Des crit\u00e8res \u00e9conomiques (pourquoi pas ?) fond\u00e9s sur l&rsquo;appr\u00e9ciation du public, le potentiel touristique, le d\u00e9veloppement du pastoralisme ? Est-ce que les paysages pastoraux sont les meilleurs de chacun de ces points de vue ?<\/p>\n<p>3.2. <em>Dit autrement, l&rsquo;attrait touristique et donc la pr\u00e9sence de randonneurs sur les massifs d\u00e9pend avant tout du maintien de l&rsquo;activit\u00e9 pastorale. Et\u00a0ces touristes apportent des revenus compl\u00e9mentaires aux acteurs du pastoralisme. Les deux activit\u00e9s sont donc compl\u00e9mentaires, mais, sans pastoralisme, pas de tourisme : <\/em><\/p>\n<blockquote><p>\u00ab\u00a0Le randonneur a besoin de sentiers entretenus \u00a0et de paysages diversifi\u00e9s et ouverts \u00e0 admirer. Ce besoin du randonneur ne peut \u00eatre assur\u00e9 que par un pastoralisme vivant. Opposer les deux activit\u00e9s serait une erreur d\u2019autant que de nombreux agriculteurs de montagne sont \u00e9galement des acteurs du tourisme par la location de g\u00eetes et la vente directe de produits de qualit\u00e9 de leurs fabrications. \u00bb<\/p><\/blockquote>\n<p>=&gt; Ces affirmations laissent songeur. Que veulent donc les randonneurs ? Et de quel genre de randonneur parle-t-on ? De ceux qui veulent des sentiers bien\u00a0entretenus et des paysages admirables. Mais ceux-l\u00e0 constituent-ils la totalit\u00e9\u00a0des randonneurs ? Mon cas vaut ce qu&rsquo;il vaut, mais je me languis d&rsquo;une \u00e9poque o\u00f9 la randonn\u00e9e constituait encore une sorte d&rsquo;aventure, o\u00f9 pour s&rsquo;orienter il fallait parfois sortir la boussole, o\u00f9 les g\u00eetes d&rsquo;\u00e9tape co\u00fbtaient trente francs la nuit\u00e9e, quand on en trouvait, o\u00f9 les rep\u00e8res dans les p\u00e2turages consistaient en un tas de cailloux qu&rsquo;on appelait des cairns. De nos jours, les parcours les plus populaires tendent \u00e0 devenir des avenues \u00e0 touristes, hyper am\u00e9nag\u00e9es, sur lesquelles les randonneurs se suivent en file indienne sans fin du matin au soir.\u00a0Et quand bien m\u00eame, \u00e0 supposer que c&rsquo;est effectivement ce que d\u00e9sire le randonneur moderne, est-on bien\u00a0s\u00fbr qu&rsquo;il cesserait-ils de venir au col du Glandon si l&rsquo;activit\u00e9 pastorale disparaissait ? Il existe apr\u00e8s tout bien\u00a0des massifs sur lesquels on ne trouve aucune brebis,\u00a0et qui sont n\u00e9anmoins pris\u00e9s des touristes.<\/p>\n<p>3.3 <em>Si l&rsquo;harmonieuse compl\u00e9mentarit\u00e9 entre les randonneurs et les \u00e9leveurs est d\u00e9sormais en danger,\u00a0c&rsquo;est \u00e0 cause des grands pr\u00e9dateurs. Ou plus exactement \u00e0 cause des chiens que les \u00e9leveurs sont \u00ab contraints \u00bb de placer dans les p\u00e2turages.\u00a0<\/em><\/p>\n<p>=&gt;\u00a0Les\u00a0tensions\u00a0entre les gens qui vivent \u00e0 la montagne et ceux qui ne font que la visiter durant la saison touristique ne datent pas d&rsquo;hier. La pression du d\u00e9veloppement des activit\u00e9s touristiques sur les p\u00e2tures et les usages pastoraux n&rsquo;a cess\u00e9 de cro\u00eetre dans certaines r\u00e9gions.\u00a0L\u00e0 o\u00f9 je vis, dans le Cantal, on entend r\u00e9guli\u00e8rement les paysans se plaindre du comportement de certains randonneurs ind\u00e9licats, qui ne referment pas toujours les barri\u00e8res apr\u00e8s avoir travers\u00e9 les estives, qui abandonnent leurs d\u00e9chets en pleine champ\u00a0ou qui am\u00e8nent leurs chiens au beau milieu des troupeaux (risquant leur vie, car un chien poursuivi par des vaches tend \u00e0 retourner pr\u00e8s des humains qui l&rsquo;accompagnent). Une v\u00e9t\u00e9rinaire que je connais, et un \u00e9leveur, devant faire face \u00e0 un v\u00ealage difficile en pleine montagne, ont surpris un coureur de trail en train de d\u00e9couper \u00e0 l&rsquo;aide d&rsquo;une pince \u00e0 m\u00e9tal une cl\u00f4ture de\u00a0barbel\u00e9s \u2014 l&rsquo;athl\u00e8te, en t\u00eate de la course, n&rsquo;avait manifestement pas le temps de parcourir les cinquante m\u00e8tres qui le s\u00e9paraient de l&rsquo;ouverture du pr\u00e9. Dans certains endroits, c&rsquo;est l&rsquo;inverse : les randonneurs se plaignent des autochtones qui ne leur rendent pas la vie facile : en Aubrac, les chemins sont bord\u00e9s de cl\u00f4ture de plus en plus hautes, ce qui ne rend pas la balade tr\u00e8s agr\u00e9able (m\u00eame situation en Sologne avec les parcs de chasse priv\u00e9s) ; de nombreux chemins et sentiers aux abords des champs sont accapar\u00e9s par les agriculteurs, et ne sont d\u00e9lib\u00e9r\u00e9ment plus entretenus ; on m&rsquo;a parl\u00e9 \u00e0 plusieurs endroits d&rsquo;un effacement suspects des balisages de sentier de randonn\u00e9e \u2014 bref, tout se passe comme si certains exploitants souhaitaient dissuader les promeneurs de traverser leurs champs. Ces ind\u00e9licats sont\u00a0de plus en plus rares sans doute, d&rsquo;un c\u00f4t\u00e9 comme de l&rsquo;autre, car les mentalit\u00e9s ont chang\u00e9, les animateurs des parcs nationaux et r\u00e9gionaux et les offices de tourisme promeuvent des r\u00e8gles de bonne pratique.\u00a0Bref, il me semble que le chien de troupeau, et le loup qui en justifie l&rsquo;existence et se rend coupable indirectement des d\u00e9g\u00e2ts que le chien peut occasionner, ne sauraient \u00eatre s\u00e9rieusement tenus pour responsables d&rsquo;une \u00e9ventuelle d\u00e9gradation des relations entre les randonneurs et les \u00e9leveurs.\u00a0Les brebis non plus.<\/p>\n<p>\u00c9voquons bri\u00e8vement les solutions que les acteurs de la vie montagnarde (\u00e0 l&rsquo;exception des touristes donc) pr\u00e9conisent pour am\u00e9liorer les relations entre tous ces usagers.<\/p>\n<p>\u00ab <em>&#8211; D\u00e9gager de toutes responsabilit\u00e9s les \u00e9leveurs et bergers quant aux attaques des chiens de protection sur les autres usagers des espaces.<\/em><\/p>\n<p><em>&#8211; Envisager \u00e9ventuellement la fermeture de certains chemins.<\/em><\/p>\n<p><em>&#8211; Exiger la r\u00e9union des Commissions D\u00e9partementales des Espaces, Sentiers et Itin\u00e9raires (CDSEI) par les Pr\u00e9sident de Conseils G\u00e9n\u00e9raux et revoir \u00e9ventuellement les PDIPR (Plans d\u00e9partementaux de randonn\u00e9e).<\/em><\/p>\n<p><em>&#8211; Exiger des auteurs et \u00e9diteurs de topo-guides, des offices de tourisme et autres acteurs du tourisme d&rsquo;assurer une information sur l&rsquo;approche des troupeaux et des chiens de protection comme c&rsquo;est le cas dans les Pyr\u00e9n\u00e9es.<\/em><\/p>\n<p><em>&#8211; Exiger des f\u00e9d\u00e9rations sportives d\u00e9l\u00e9gataires (FFME, FFRP, FFVL, FFC, etc&#8230;) et affinitaires (FFCAM) des modules de formations \u00e0 l&rsquo;approche des chiens de protection dans le cadre des dipl\u00f4mes f\u00e9d\u00e9raux, ainsi qu&rsquo;aux services de l&rsquo;Etat dans le cadre des dipl\u00f4mes d&rsquo;Etat (Guide de Haute Montagne, Accompagnateurs en Moyenne Montagne, parapente, canyon, escalade&#8230;.).<\/em> \u00bb<\/p>\n<p>Bref, il faut que les visiteurs occasionnels s&rsquo;adaptent \u00e0 l&rsquo;activit\u00e9 pastorale. Sur le fond, je\u00a0suis d&rsquo;accord. Trop souvent, les touristes et les randonneurs n&rsquo;ont qu&rsquo;une connaissance superficielle des pays qu&rsquo;ils visitent \u00a0\u2014 ils savent ce que les brochures touristiques en racontent, et, immanquablement, l&rsquo;image des territoires est totalement \u00e9dulcor\u00e9e, franchement id\u00e9alis\u00e9e. Le Cantal est peut-\u00eatre une \u00ab terre d&rsquo;aventures \u00bb, un \u00ab terrain de sports de pleine nature \u00bb, un \u00ab environnement pr\u00e9serv\u00e9 \u00bb \u2014 il n&#8217;emp\u00eache qu&rsquo;il y a aussi des gens qui y vivent et y travaillent toute l&rsquo;ann\u00e9e, dans des conditions difficiles, et qui sont touch\u00e9s de plein fouet par la crise \u00e9conomique, notamment dans le secteur agricole. La v\u00e9rit\u00e9, si l&rsquo;on y tient absolument, c&rsquo;est que le pastoralisme allait d\u00e9j\u00e0 fort mal bien avant que le loup mette le bout du museau dans les Alpes. <a href=\"http:\/\/www.buvettedesalpages.be\/2013\/08\/-le-montant-des-aides-de-la-pac-et-leurs-beneficiaires-desormais-en-ligne.html\" target=\"_blank\">Que l&rsquo;activit\u00e9 pastorale, notamment l&rsquo;\u00e9levage de brebis, survit sous perfusion d&rsquo;aides et primes diverses<\/a> \u2014 ce qui en soi ne me g\u00e8ne pas, mais il serait bon, puisque les uns et les\u00a0autres se r\u00e9clament de la v\u00e9rit\u00e9, qu&rsquo;on ait conscience que les touristes et les\u00a0randonneurs payent d\u00e9j\u00e0, avant m\u00eame d&rsquo;avoir achet\u00e9 le moindre kilo de viande, pour la survie des activit\u00e9s pastorales. Que le pastoralisme n&rsquo;est plus tout \u00e0 fait ce qu&rsquo;il \u00e9tait ou que les citadins les moins inform\u00e9s continuent de croire qu&rsquo;il est (par exemple,\u00a0les\u00a0transhumances se font d\u00e9sormais par camions \u2014 sauf dans les cas o\u00f9 une animation \u00e0 destination des touristes amateurs de ruralit\u00e9 authentique les fait descendre du camion pour parcourir les derniers kilom\u00e8tres de leur p\u00e9riple. Peu de citadins savent que bien des broutards\u00a0qu&rsquo;on imagine\u00a0nourris \u00e0 l&rsquo;herbe des montagnes auvergnates\u00a0sont en r\u00e9alit\u00e9 engraiss\u00e9s en Italie ou dans le nord de la France, etc.\u00a0).<\/p>\n<p>Bref. Toutes ces consid\u00e9rations nous m\u00e8nent bien loin du patou et m\u00eame du loup. Ce qui me semble extr\u00eamement dommageable dans la situation actuelle, c&rsquo;est le radicalisme de certains \u00e9leveurs d&rsquo;un c\u00f4t\u00e9, et l&rsquo;ignorance totale de la r\u00e9alit\u00e9 de la vie montagnarde chez nombre de touristes de l&rsquo;autre. Et je doute fort que ces\u00a0\u00ab\u00a0Les Etats G\u00e9n\u00e9raux du Pastoralisme et du Loup de l\u2019Arc Alpin\u00a0\u00bb am\u00e9liorent la situation \u2014 ils constituent plut\u00f4t une sorte d&rsquo;avanc\u00e9e tactique dans la guerre contre le loup, visant \u00e0 consid\u00e9rer les randonneurs comme des victimes indirectes du pr\u00e9dateur\u00a0: on pourrait ainsi faire pression sur les pouvoirs publics (lesquels se montrent pourtant jusqu&rsquo;\u00e0 pr\u00e9sent franchement\u00a0favorables aux \u00e9leveurs) en\u00a0d\u00e9montrant que le loup menace non seulement la survie de l&rsquo;activit\u00e9 pastorale, mais aussi la p\u00e9rennit\u00e9 des activit\u00e9s touristiques. la tactique est grossi\u00e8re \u2014 on esp\u00e8re que nos \u00e9diles ne tomberont pas dans le panneau.<\/p>\n<p>SOURCES : <a href=\"http:\/\/www.kairn.com\/fr\/outdoor\/92785\/montagne-loup-pastoralisme-tourisme-randonnee-les-debats-et-la-motion-du-col-du-glandon-doivent-interpeler-les-usagers-de-loisir.html\" target=\"_blank\">\u00abMontagne, loup, pastoralisme, tourisme, randonn\u00e9e&#8230;., les d\u00e9bats et la motion du col du Glandon doivent interpeler les usagers de loisir. \u00bb par Louis Dollo, sur kairn.com<\/a><\/p>\n<p>et l&rsquo;extraordinaire site la <a href=\"http:\/\/www.buvettedesalpages.be\/\" target=\"_blank\">Buvette des Alpages<\/a> sur tout ce qui concerne le pastoralisme, le loup et l&rsquo;ours, site sur lequel j&rsquo;ai puis\u00e9 mult informations et r\u00e9flexions. (on lira par exemple sur la question du patou l&rsquo;article qui date de 2008, <a href=\"http:\/\/www.buvettedesalpages.be\/2008\/08\/gare-aux-patous.html\" target=\"_blank\">\u00ab Protection contre le loup: gare aux patous \u00bb <\/a>de Baudouin de Menten)<\/p>\n<p>&nbsp;<\/p>\n<p>&nbsp;<\/p>\n<p>&nbsp;<\/p>\n","protected":false},"excerpt":{"rendered":"<p>Le d\u00e9bat sur la pr\u00e9sence du loup en milieu pastoral, concernait jusqu&rsquo;\u00e0 pr\u00e9sent \u00a0principalement les d\u00e9fenseurs de l&rsquo;environnement et les acteurs du pastoralisme. D\u00e9sormais, les d\u00e9fenseurs du pastoralisme, les plus\u00a0oppos\u00e9s au loup, s&rsquo;efforcent d&rsquo;y int\u00e9grer le tourisme \u2014 et les randonneurs. \u00ab\u00a0Les Etats G\u00e9n\u00e9raux du Pastoralisme et du Loup de l\u2019Arc Alpin\u00a0\u00bb (organis\u00e9s par les&hellip;<\/p>\n <a href=\"https:\/\/outsiderland.com\/danahilliot\/les-randonneurs-entre-les-bergers-et-les-loups\/\" title=\"Les randonneurs entre chien et loup\" class=\"entry-more-link\"><span>Read More<\/span> <span class=\"screen-reader-text\">Les randonneurs entre chien et loup<\/span><\/a>","protected":false},"author":1,"featured_media":1125,"comment_status":"closed","ping_status":"closed","sticky":false,"template":"","format":"standard","meta":{"Layout":"","footnotes":"","jetpack_publicize_message":"","jetpack_publicize_feature_enabled":true,"jetpack_social_post_already_shared":false,"jetpack_social_options":{"image_generator_settings":{"template":"highway","default_image_id":0,"font":"","enabled":false},"version":2}},"categories":[42,36,33],"tags":[],"class_list":["entry","author-danah","post-1057","post","type-post","status-publish","format-standard","has-post-thumbnail","category-justice-environnementale","category-avenir","category-les-societes-anthropo-animales"],"yoast_head":"<!-- This site is optimized with the Yoast SEO plugin v27.0 - https:\/\/yoast.com\/product\/yoast-seo-wordpress\/ -->\n<title>Les randonneurs entre chien et loup - Outside Dana Hilliot<\/title>\n<meta name=\"robots\" content=\"index, follow, max-snippet:-1, max-image-preview:large, max-video-preview:-1\" \/>\n<link rel=\"canonical\" href=\"https:\/\/outsiderland.com\/danahilliot\/les-randonneurs-entre-les-bergers-et-les-loups\/\" \/>\n<meta property=\"og:locale\" content=\"fr_FR\" \/>\n<meta property=\"og:type\" content=\"article\" \/>\n<meta property=\"og:title\" content=\"Les randonneurs entre chien et loup - Outside Dana Hilliot\" \/>\n<meta property=\"og:description\" content=\"Le d\u00e9bat sur la pr\u00e9sence du loup en milieu pastoral, concernait jusqu&rsquo;\u00e0 pr\u00e9sent \u00a0principalement les d\u00e9fenseurs de l&rsquo;environnement et les acteurs du pastoralisme. D\u00e9sormais, les d\u00e9fenseurs du pastoralisme, les plus\u00a0oppos\u00e9s au loup, s&rsquo;efforcent d&rsquo;y int\u00e9grer le tourisme \u2014 et les randonneurs. \u00ab\u00a0Les Etats G\u00e9n\u00e9raux du Pastoralisme et du Loup de l\u2019Arc Alpin\u00a0\u00bb (organis\u00e9s par les&hellip;\" \/>\n<meta property=\"og:url\" content=\"https:\/\/outsiderland.com\/danahilliot\/les-randonneurs-entre-les-bergers-et-les-loups\/\" \/>\n<meta property=\"og:site_name\" content=\"Outside Dana Hilliot\" \/>\n<meta property=\"article:published_time\" content=\"2014-08-23T19:58:29+00:00\" \/>\n<meta property=\"og:image\" content=\"https:\/\/outsiderland.com\/danahilliot\/wp-content\/uploads\/2014\/08\/Moutons_\u00e0_Prads_en_Haute-Provence-1-1024x680.jpg\" \/>\n\t<meta property=\"og:image:width\" content=\"1024\" \/>\n\t<meta property=\"og:image:height\" content=\"680\" \/>\n\t<meta property=\"og:image:type\" content=\"image\/jpeg\" \/>\n<meta name=\"author\" content=\"danah\" \/>\n<meta name=\"twitter:card\" content=\"summary_large_image\" \/>\n<meta name=\"twitter:label1\" content=\"\u00c9crit par\" \/>\n\t<meta name=\"twitter:data1\" content=\"danah\" \/>\n\t<meta name=\"twitter:label2\" content=\"Dur\u00e9e de lecture estim\u00e9e\" \/>\n\t<meta name=\"twitter:data2\" content=\"14 minutes\" \/>\n<script type=\"application\/ld+json\" class=\"yoast-schema-graph\">{\"@context\":\"https:\/\/schema.org\",\"@graph\":[{\"@type\":\"Article\",\"@id\":\"https:\/\/outsiderland.com\/danahilliot\/les-randonneurs-entre-les-bergers-et-les-loups\/#article\",\"isPartOf\":{\"@id\":\"https:\/\/outsiderland.com\/danahilliot\/les-randonneurs-entre-les-bergers-et-les-loups\/\"},\"author\":{\"name\":\"danah\",\"@id\":\"https:\/\/outsiderland.com\/danahilliot\/#\/schema\/person\/2f9b92e9fff19bccc36638b10510d5ae\"},\"headline\":\"Les randonneurs entre chien et loup\",\"datePublished\":\"2014-08-23T19:58:29+00:00\",\"mainEntityOfPage\":{\"@id\":\"https:\/\/outsiderland.com\/danahilliot\/les-randonneurs-entre-les-bergers-et-les-loups\/\"},\"wordCount\":2870,\"publisher\":{\"@id\":\"https:\/\/outsiderland.com\/danahilliot\/#\/schema\/person\/201a1fef0f5c2897bd65e98bcf6b1179\"},\"image\":{\"@id\":\"https:\/\/outsiderland.com\/danahilliot\/les-randonneurs-entre-les-bergers-et-les-loups\/#primaryimage\"},\"thumbnailUrl\":\"https:\/\/outsiderland.com\/danahilliot\/wp-content\/uploads\/2014\/08\/Moutons_\u00e0_Prads_en_Haute-Provence-1.jpg\",\"articleSection\":[\"Justice environnementale\",\"L'avenir de la ruralit\u00e9\",\"zoopolis\"],\"inLanguage\":\"fr-FR\"},{\"@type\":\"WebPage\",\"@id\":\"https:\/\/outsiderland.com\/danahilliot\/les-randonneurs-entre-les-bergers-et-les-loups\/\",\"url\":\"https:\/\/outsiderland.com\/danahilliot\/les-randonneurs-entre-les-bergers-et-les-loups\/\",\"name\":\"Les randonneurs entre chien et loup - Outside Dana Hilliot\",\"isPartOf\":{\"@id\":\"https:\/\/outsiderland.com\/danahilliot\/#website\"},\"primaryImageOfPage\":{\"@id\":\"https:\/\/outsiderland.com\/danahilliot\/les-randonneurs-entre-les-bergers-et-les-loups\/#primaryimage\"},\"image\":{\"@id\":\"https:\/\/outsiderland.com\/danahilliot\/les-randonneurs-entre-les-bergers-et-les-loups\/#primaryimage\"},\"thumbnailUrl\":\"https:\/\/outsiderland.com\/danahilliot\/wp-content\/uploads\/2014\/08\/Moutons_\u00e0_Prads_en_Haute-Provence-1.jpg\",\"datePublished\":\"2014-08-23T19:58:29+00:00\",\"breadcrumb\":{\"@id\":\"https:\/\/outsiderland.com\/danahilliot\/les-randonneurs-entre-les-bergers-et-les-loups\/#breadcrumb\"},\"inLanguage\":\"fr-FR\",\"potentialAction\":[{\"@type\":\"ReadAction\",\"target\":[\"https:\/\/outsiderland.com\/danahilliot\/les-randonneurs-entre-les-bergers-et-les-loups\/\"]}]},{\"@type\":\"ImageObject\",\"inLanguage\":\"fr-FR\",\"@id\":\"https:\/\/outsiderland.com\/danahilliot\/les-randonneurs-entre-les-bergers-et-les-loups\/#primaryimage\",\"url\":\"https:\/\/outsiderland.com\/danahilliot\/wp-content\/uploads\/2014\/08\/Moutons_\u00e0_Prads_en_Haute-Provence-1.jpg\",\"contentUrl\":\"https:\/\/outsiderland.com\/danahilliot\/wp-content\/uploads\/2014\/08\/Moutons_\u00e0_Prads_en_Haute-Provence-1.jpg\",\"width\":4288,\"height\":2848},{\"@type\":\"BreadcrumbList\",\"@id\":\"https:\/\/outsiderland.com\/danahilliot\/les-randonneurs-entre-les-bergers-et-les-loups\/#breadcrumb\",\"itemListElement\":[{\"@type\":\"ListItem\",\"position\":1,\"name\":\"Accueil\",\"item\":\"https:\/\/outsiderland.com\/danahilliot\/\"},{\"@type\":\"ListItem\",\"position\":2,\"name\":\"Les randonneurs entre chien et loup\"}]},{\"@type\":\"WebSite\",\"@id\":\"https:\/\/outsiderland.com\/danahilliot\/#website\",\"url\":\"https:\/\/outsiderland.com\/danahilliot\/\",\"name\":\"Outside Dana Hilliot\",\"description\":\". Archives . Activit\u00e9s . Projets .\",\"publisher\":{\"@id\":\"https:\/\/outsiderland.com\/danahilliot\/#\/schema\/person\/201a1fef0f5c2897bd65e98bcf6b1179\"},\"potentialAction\":[{\"@type\":\"SearchAction\",\"target\":{\"@type\":\"EntryPoint\",\"urlTemplate\":\"https:\/\/outsiderland.com\/danahilliot\/?s={search_term_string}\"},\"query-input\":{\"@type\":\"PropertyValueSpecification\",\"valueRequired\":true,\"valueName\":\"search_term_string\"}}],\"inLanguage\":\"fr-FR\"},{\"@type\":[\"Person\",\"Organization\"],\"@id\":\"https:\/\/outsiderland.com\/danahilliot\/#\/schema\/person\/201a1fef0f5c2897bd65e98bcf6b1179\",\"name\":\"danahilliot\",\"image\":{\"@type\":\"ImageObject\",\"inLanguage\":\"fr-FR\",\"@id\":\"https:\/\/outsiderland.com\/danahilliot\/#\/schema\/person\/image\/\",\"url\":\"https:\/\/outsiderland.com\/danahilliot\/wp-content\/uploads\/2026\/02\/50801449407_a909f2c1ad_k.jpg\",\"contentUrl\":\"https:\/\/outsiderland.com\/danahilliot\/wp-content\/uploads\/2026\/02\/50801449407_a909f2c1ad_k.jpg\",\"width\":2048,\"height\":1536,\"caption\":\"danahilliot\"},\"logo\":{\"@id\":\"https:\/\/outsiderland.com\/danahilliot\/#\/schema\/person\/image\/\"}},{\"@type\":\"Person\",\"@id\":\"https:\/\/outsiderland.com\/danahilliot\/#\/schema\/person\/2f9b92e9fff19bccc36638b10510d5ae\",\"name\":\"danah\",\"image\":{\"@type\":\"ImageObject\",\"inLanguage\":\"fr-FR\",\"@id\":\"https:\/\/outsiderland.com\/danahilliot\/#\/schema\/person\/image\/\",\"url\":\"https:\/\/secure.gravatar.com\/avatar\/ed6349755e1d97f204277de3d09fc6ac31abd856835c8ea3c3a30d0aa84b0ddd?s=96&d=mm&r=g\",\"contentUrl\":\"https:\/\/secure.gravatar.com\/avatar\/ed6349755e1d97f204277de3d09fc6ac31abd856835c8ea3c3a30d0aa84b0ddd?s=96&d=mm&r=g\",\"caption\":\"danah\"},\"url\":\"https:\/\/outsiderland.com\/danahilliot\/author\/danah\/\"}]}<\/script>\n<!-- \/ Yoast SEO plugin. -->","yoast_head_json":{"title":"Les randonneurs entre chien et loup - Outside Dana Hilliot","robots":{"index":"index","follow":"follow","max-snippet":"max-snippet:-1","max-image-preview":"max-image-preview:large","max-video-preview":"max-video-preview:-1"},"canonical":"https:\/\/outsiderland.com\/danahilliot\/les-randonneurs-entre-les-bergers-et-les-loups\/","og_locale":"fr_FR","og_type":"article","og_title":"Les randonneurs entre chien et loup - Outside Dana Hilliot","og_description":"Le d\u00e9bat sur la pr\u00e9sence du loup en milieu pastoral, concernait jusqu&rsquo;\u00e0 pr\u00e9sent \u00a0principalement les d\u00e9fenseurs de l&rsquo;environnement et les acteurs du pastoralisme. D\u00e9sormais, les d\u00e9fenseurs du pastoralisme, les plus\u00a0oppos\u00e9s au loup, s&rsquo;efforcent d&rsquo;y int\u00e9grer le tourisme \u2014 et les randonneurs. \u00ab\u00a0Les Etats G\u00e9n\u00e9raux du Pastoralisme et du Loup de l\u2019Arc Alpin\u00a0\u00bb (organis\u00e9s par les&hellip;","og_url":"https:\/\/outsiderland.com\/danahilliot\/les-randonneurs-entre-les-bergers-et-les-loups\/","og_site_name":"Outside Dana Hilliot","article_published_time":"2014-08-23T19:58:29+00:00","og_image":[{"width":1024,"height":680,"url":"https:\/\/outsiderland.com\/danahilliot\/wp-content\/uploads\/2014\/08\/Moutons_\u00e0_Prads_en_Haute-Provence-1-1024x680.jpg","type":"image\/jpeg"}],"author":"danah","twitter_card":"summary_large_image","twitter_misc":{"\u00c9crit par":"danah","Dur\u00e9e de lecture estim\u00e9e":"14 minutes"},"schema":{"@context":"https:\/\/schema.org","@graph":[{"@type":"Article","@id":"https:\/\/outsiderland.com\/danahilliot\/les-randonneurs-entre-les-bergers-et-les-loups\/#article","isPartOf":{"@id":"https:\/\/outsiderland.com\/danahilliot\/les-randonneurs-entre-les-bergers-et-les-loups\/"},"author":{"name":"danah","@id":"https:\/\/outsiderland.com\/danahilliot\/#\/schema\/person\/2f9b92e9fff19bccc36638b10510d5ae"},"headline":"Les randonneurs entre chien et loup","datePublished":"2014-08-23T19:58:29+00:00","mainEntityOfPage":{"@id":"https:\/\/outsiderland.com\/danahilliot\/les-randonneurs-entre-les-bergers-et-les-loups\/"},"wordCount":2870,"publisher":{"@id":"https:\/\/outsiderland.com\/danahilliot\/#\/schema\/person\/201a1fef0f5c2897bd65e98bcf6b1179"},"image":{"@id":"https:\/\/outsiderland.com\/danahilliot\/les-randonneurs-entre-les-bergers-et-les-loups\/#primaryimage"},"thumbnailUrl":"https:\/\/outsiderland.com\/danahilliot\/wp-content\/uploads\/2014\/08\/Moutons_\u00e0_Prads_en_Haute-Provence-1.jpg","articleSection":["Justice environnementale","L'avenir de la ruralit\u00e9","zoopolis"],"inLanguage":"fr-FR"},{"@type":"WebPage","@id":"https:\/\/outsiderland.com\/danahilliot\/les-randonneurs-entre-les-bergers-et-les-loups\/","url":"https:\/\/outsiderland.com\/danahilliot\/les-randonneurs-entre-les-bergers-et-les-loups\/","name":"Les randonneurs entre chien et loup - Outside Dana Hilliot","isPartOf":{"@id":"https:\/\/outsiderland.com\/danahilliot\/#website"},"primaryImageOfPage":{"@id":"https:\/\/outsiderland.com\/danahilliot\/les-randonneurs-entre-les-bergers-et-les-loups\/#primaryimage"},"image":{"@id":"https:\/\/outsiderland.com\/danahilliot\/les-randonneurs-entre-les-bergers-et-les-loups\/#primaryimage"},"thumbnailUrl":"https:\/\/outsiderland.com\/danahilliot\/wp-content\/uploads\/2014\/08\/Moutons_\u00e0_Prads_en_Haute-Provence-1.jpg","datePublished":"2014-08-23T19:58:29+00:00","breadcrumb":{"@id":"https:\/\/outsiderland.com\/danahilliot\/les-randonneurs-entre-les-bergers-et-les-loups\/#breadcrumb"},"inLanguage":"fr-FR","potentialAction":[{"@type":"ReadAction","target":["https:\/\/outsiderland.com\/danahilliot\/les-randonneurs-entre-les-bergers-et-les-loups\/"]}]},{"@type":"ImageObject","inLanguage":"fr-FR","@id":"https:\/\/outsiderland.com\/danahilliot\/les-randonneurs-entre-les-bergers-et-les-loups\/#primaryimage","url":"https:\/\/outsiderland.com\/danahilliot\/wp-content\/uploads\/2014\/08\/Moutons_\u00e0_Prads_en_Haute-Provence-1.jpg","contentUrl":"https:\/\/outsiderland.com\/danahilliot\/wp-content\/uploads\/2014\/08\/Moutons_\u00e0_Prads_en_Haute-Provence-1.jpg","width":4288,"height":2848},{"@type":"BreadcrumbList","@id":"https:\/\/outsiderland.com\/danahilliot\/les-randonneurs-entre-les-bergers-et-les-loups\/#breadcrumb","itemListElement":[{"@type":"ListItem","position":1,"name":"Accueil","item":"https:\/\/outsiderland.com\/danahilliot\/"},{"@type":"ListItem","position":2,"name":"Les randonneurs entre chien et loup"}]},{"@type":"WebSite","@id":"https:\/\/outsiderland.com\/danahilliot\/#website","url":"https:\/\/outsiderland.com\/danahilliot\/","name":"Outside Dana Hilliot","description":". Archives . Activit\u00e9s . Projets .","publisher":{"@id":"https:\/\/outsiderland.com\/danahilliot\/#\/schema\/person\/201a1fef0f5c2897bd65e98bcf6b1179"},"potentialAction":[{"@type":"SearchAction","target":{"@type":"EntryPoint","urlTemplate":"https:\/\/outsiderland.com\/danahilliot\/?s={search_term_string}"},"query-input":{"@type":"PropertyValueSpecification","valueRequired":true,"valueName":"search_term_string"}}],"inLanguage":"fr-FR"},{"@type":["Person","Organization"],"@id":"https:\/\/outsiderland.com\/danahilliot\/#\/schema\/person\/201a1fef0f5c2897bd65e98bcf6b1179","name":"danahilliot","image":{"@type":"ImageObject","inLanguage":"fr-FR","@id":"https:\/\/outsiderland.com\/danahilliot\/#\/schema\/person\/image\/","url":"https:\/\/outsiderland.com\/danahilliot\/wp-content\/uploads\/2026\/02\/50801449407_a909f2c1ad_k.jpg","contentUrl":"https:\/\/outsiderland.com\/danahilliot\/wp-content\/uploads\/2026\/02\/50801449407_a909f2c1ad_k.jpg","width":2048,"height":1536,"caption":"danahilliot"},"logo":{"@id":"https:\/\/outsiderland.com\/danahilliot\/#\/schema\/person\/image\/"}},{"@type":"Person","@id":"https:\/\/outsiderland.com\/danahilliot\/#\/schema\/person\/2f9b92e9fff19bccc36638b10510d5ae","name":"danah","image":{"@type":"ImageObject","inLanguage":"fr-FR","@id":"https:\/\/outsiderland.com\/danahilliot\/#\/schema\/person\/image\/","url":"https:\/\/secure.gravatar.com\/avatar\/ed6349755e1d97f204277de3d09fc6ac31abd856835c8ea3c3a30d0aa84b0ddd?s=96&d=mm&r=g","contentUrl":"https:\/\/secure.gravatar.com\/avatar\/ed6349755e1d97f204277de3d09fc6ac31abd856835c8ea3c3a30d0aa84b0ddd?s=96&d=mm&r=g","caption":"danah"},"url":"https:\/\/outsiderland.com\/danahilliot\/author\/danah\/"}]}},"jetpack_publicize_connections":[],"_links":{"self":[{"href":"https:\/\/outsiderland.com\/danahilliot\/wp-json\/wp\/v2\/posts\/1057","targetHints":{"allow":["GET"]}}],"collection":[{"href":"https:\/\/outsiderland.com\/danahilliot\/wp-json\/wp\/v2\/posts"}],"about":[{"href":"https:\/\/outsiderland.com\/danahilliot\/wp-json\/wp\/v2\/types\/post"}],"author":[{"embeddable":true,"href":"https:\/\/outsiderland.com\/danahilliot\/wp-json\/wp\/v2\/users\/1"}],"replies":[{"embeddable":true,"href":"https:\/\/outsiderland.com\/danahilliot\/wp-json\/wp\/v2\/comments?post=1057"}],"version-history":[{"count":0,"href":"https:\/\/outsiderland.com\/danahilliot\/wp-json\/wp\/v2\/posts\/1057\/revisions"}],"wp:featuredmedia":[{"embeddable":true,"href":"https:\/\/outsiderland.com\/danahilliot\/wp-json\/wp\/v2\/media\/1125"}],"wp:attachment":[{"href":"https:\/\/outsiderland.com\/danahilliot\/wp-json\/wp\/v2\/media?parent=1057"}],"wp:term":[{"taxonomy":"category","embeddable":true,"href":"https:\/\/outsiderland.com\/danahilliot\/wp-json\/wp\/v2\/categories?post=1057"},{"taxonomy":"post_tag","embeddable":true,"href":"https:\/\/outsiderland.com\/danahilliot\/wp-json\/wp\/v2\/tags?post=1057"}],"curies":[{"name":"wp","href":"https:\/\/api.w.org\/{rel}","templated":true}]}}