{"id":2755,"date":"2019-06-23T14:19:03","date_gmt":"2019-06-23T14:19:03","guid":{"rendered":"https:\/\/outsiderland.com\/Roger-Delcros\/?p=2755"},"modified":"2020-06-28T12:34:58","modified_gmt":"2020-06-28T12:34:58","slug":"montee-du-puy-de-dome-a-velo-2019","status":"publish","type":"post","link":"https:\/\/outsiderland.com\/Roger-Delcros\/?p=2755","title":{"rendered":"Mont\u00e9e du Puy de D\u00f4me \u00e0 v\u00e9lo 2019"},"content":{"rendered":"<figure id=\"attachment_2757\" aria-describedby=\"caption-attachment-2757\" style=\"width: 533px\" class=\"wp-caption alignleft\"><img loading=\"lazy\" decoding=\"async\" class=\"wp-image-2757 size-medium\" src=\"https:\/\/outsiderland.com\/Roger-Delcros\/wp-content\/uploads\/2019\/06\/20190623_100912-533x300.jpg\" alt=\"\" width=\"533\" height=\"300\" srcset=\"https:\/\/outsiderland.com\/Roger-Delcros\/wp-content\/uploads\/2019\/06\/20190623_100912-533x300.jpg 533w, https:\/\/outsiderland.com\/Roger-Delcros\/wp-content\/uploads\/2019\/06\/20190623_100912-768x432.jpg 768w, https:\/\/outsiderland.com\/Roger-Delcros\/wp-content\/uploads\/2019\/06\/20190623_100912-1024x576.jpg 1024w, https:\/\/outsiderland.com\/Roger-Delcros\/wp-content\/uploads\/2019\/06\/20190623_100912-720x405.jpg 720w, https:\/\/outsiderland.com\/Roger-Delcros\/wp-content\/uploads\/2019\/06\/20190623_100912-224x126.jpg 224w, https:\/\/outsiderland.com\/Roger-Delcros\/wp-content\/uploads\/2019\/06\/20190623_100912-924x520.jpg 924w, https:\/\/outsiderland.com\/Roger-Delcros\/wp-content\/uploads\/2019\/06\/20190623_100912-1140x641.jpg 1140w\" sizes=\"auto, (max-width: 533px) 100vw, 533px\" \/><figcaption id=\"caption-attachment-2757\" class=\"wp-caption-text\">Sommet du Puy de D\u00f4me avec Kevin Mathieu<\/figcaption><\/figure>\n<figure id=\"attachment_2758\" aria-describedby=\"caption-attachment-2758\" style=\"width: 400px\" class=\"wp-caption alignnone\"><img loading=\"lazy\" decoding=\"async\" class=\"wp-image-2758 size-medium\" src=\"https:\/\/outsiderland.com\/Roger-Delcros\/wp-content\/uploads\/2019\/06\/20190623_094331-400x300.jpg\" alt=\"\" width=\"400\" height=\"300\" srcset=\"https:\/\/outsiderland.com\/Roger-Delcros\/wp-content\/uploads\/2019\/06\/20190623_094331-400x300.jpg 400w, https:\/\/outsiderland.com\/Roger-Delcros\/wp-content\/uploads\/2019\/06\/20190623_094331-768x576.jpg 768w, https:\/\/outsiderland.com\/Roger-Delcros\/wp-content\/uploads\/2019\/06\/20190623_094331-1024x768.jpg 1024w, https:\/\/outsiderland.com\/Roger-Delcros\/wp-content\/uploads\/2019\/06\/20190623_094331-720x540.jpg 720w, https:\/\/outsiderland.com\/Roger-Delcros\/wp-content\/uploads\/2019\/06\/20190623_094331-224x168.jpg 224w, https:\/\/outsiderland.com\/Roger-Delcros\/wp-content\/uploads\/2019\/06\/20190623_094331-693x520.jpg 693w, https:\/\/outsiderland.com\/Roger-Delcros\/wp-content\/uploads\/2019\/06\/20190623_094331-1140x855.jpg 1140w\" sizes=\"auto, (max-width: 400px) 100vw, 400px\" \/><figcaption id=\"caption-attachment-2758\" class=\"wp-caption-text\">Plus de 350 cyclistes pour cette mont\u00e9e ( Plusieurs nationalit\u00e9s ) .<\/figcaption><\/figure>\n<figure id=\"attachment_2759\" aria-describedby=\"caption-attachment-2759\" style=\"width: 533px\" class=\"wp-caption alignnone\"><img loading=\"lazy\" decoding=\"async\" class=\"wp-image-2759 size-medium\" src=\"https:\/\/outsiderland.com\/Roger-Delcros\/wp-content\/uploads\/2019\/06\/20190623_100516-533x300.jpg\" alt=\"\" width=\"533\" height=\"300\" srcset=\"https:\/\/outsiderland.com\/Roger-Delcros\/wp-content\/uploads\/2019\/06\/20190623_100516-533x300.jpg 533w, https:\/\/outsiderland.com\/Roger-Delcros\/wp-content\/uploads\/2019\/06\/20190623_100516-768x432.jpg 768w, https:\/\/outsiderland.com\/Roger-Delcros\/wp-content\/uploads\/2019\/06\/20190623_100516-1024x576.jpg 1024w, https:\/\/outsiderland.com\/Roger-Delcros\/wp-content\/uploads\/2019\/06\/20190623_100516-720x405.jpg 720w, https:\/\/outsiderland.com\/Roger-Delcros\/wp-content\/uploads\/2019\/06\/20190623_100516-224x126.jpg 224w, https:\/\/outsiderland.com\/Roger-Delcros\/wp-content\/uploads\/2019\/06\/20190623_100516-924x520.jpg 924w, https:\/\/outsiderland.com\/Roger-Delcros\/wp-content\/uploads\/2019\/06\/20190623_100516-1140x641.jpg 1140w\" sizes=\"auto, (max-width: 533px) 100vw, 533px\" \/><figcaption id=\"caption-attachment-2759\" class=\"wp-caption-text\">La magnifique cha\u00eene des Puys<\/figcaption><\/figure>\n<p><img loading=\"lazy\" decoding=\"async\" class=\"alignnone size-medium wp-image-2760\" src=\"https:\/\/outsiderland.com\/Roger-Delcros\/wp-content\/uploads\/2019\/06\/20190623_143220-287x300.jpg\" alt=\"\" width=\"287\" height=\"300\" srcset=\"https:\/\/outsiderland.com\/Roger-Delcros\/wp-content\/uploads\/2019\/06\/20190623_143220-287x300.jpg 287w, https:\/\/outsiderland.com\/Roger-Delcros\/wp-content\/uploads\/2019\/06\/20190623_143220-768x803.jpg 768w, https:\/\/outsiderland.com\/Roger-Delcros\/wp-content\/uploads\/2019\/06\/20190623_143220-980x1024.jpg 980w, https:\/\/outsiderland.com\/Roger-Delcros\/wp-content\/uploads\/2019\/06\/20190623_143220-720x752.jpg 720w, https:\/\/outsiderland.com\/Roger-Delcros\/wp-content\/uploads\/2019\/06\/20190623_143220-214x224.jpg 214w, https:\/\/outsiderland.com\/Roger-Delcros\/wp-content\/uploads\/2019\/06\/20190623_143220-498x520.jpg 498w, https:\/\/outsiderland.com\/Roger-Delcros\/wp-content\/uploads\/2019\/06\/20190623_143220-1140x1191.jpg 1140w\" sizes=\"auto, (max-width: 287px) 100vw, 287px\" \/><\/p>\n<p>L&rsquo; ascension du\u00a0 Puy de D\u00f4me pour les cyclistes , est mythique . Le Tour de France a \u00e9crit de belles pages sur cette mont\u00e9e avec le duel : Poulidor \/ Anquetil en 1964\u00a0 . En ce dimanche matin , nous sommes plus de 350 a vouloir gravir ce sommet et sa pente \u00e0 12 % de moyenne . j &lsquo; ai pris \u00e9norm\u00e9ment de plaisir dans cette ascension , avec une pente r\u00e9guli\u00e8re et des pourcentages \u00e0 plus de 14 % . Un immense merci aux b\u00e9n\u00e9voles et rendez-vous en 2020 .<\/p>\n","protected":false},"excerpt":{"rendered":"<p>L&rsquo; ascension du\u00a0 Puy de D\u00f4me pour les cyclistes , est mythique . Le Tour de France a \u00e9crit de belles pages sur cette mont\u00e9e avec le duel : Poulidor \/ Anquetil en 1964\u00a0 . En ce dimanche matin , nous sommes plus de 350 a vouloir gravir ce sommet et sa pente \u00e0 12 [&hellip;]<\/p>\n","protected":false},"author":2,"featured_media":2756,"comment_status":"open","ping_status":"open","sticky":false,"template":"","format":"standard","meta":{"footnotes":""},"categories":[12],"tags":[],"class_list":["post-2755","post","type-post","status-publish","format-standard","has-post-thumbnail","hentry","category-sports"],"_links":{"self":[{"href":"https:\/\/outsiderland.com\/Roger-Delcros\/index.php?rest_route=\/wp\/v2\/posts\/2755","targetHints":{"allow":["GET"]}}],"collection":[{"href":"https:\/\/outsiderland.com\/Roger-Delcros\/index.php?rest_route=\/wp\/v2\/posts"}],"about":[{"href":"https:\/\/outsiderland.com\/Roger-Delcros\/index.php?rest_route=\/wp\/v2\/types\/post"}],"author":[{"embeddable":true,"href":"https:\/\/outsiderland.com\/Roger-Delcros\/index.php?rest_route=\/wp\/v2\/users\/2"}],"replies":[{"embeddable":true,"href":"https:\/\/outsiderland.com\/Roger-Delcros\/index.php?rest_route=%2Fwp%2Fv2%2Fcomments&post=2755"}],"version-history":[{"count":4,"href":"https:\/\/outsiderland.com\/Roger-Delcros\/index.php?rest_route=\/wp\/v2\/posts\/2755\/revisions"}],"predecessor-version":[{"id":3470,"href":"https:\/\/outsiderland.com\/Roger-Delcros\/index.php?rest_route=\/wp\/v2\/posts\/2755\/revisions\/3470"}],"wp:featuredmedia":[{"embeddable":true,"href":"https:\/\/outsiderland.com\/Roger-Delcros\/index.php?rest_route=\/wp\/v2\/media\/2756"}],"wp:attachment":[{"href":"https:\/\/outsiderland.com\/Roger-Delcros\/index.php?rest_route=%2Fwp%2Fv2%2Fmedia&parent=2755"}],"wp:term":[{"taxonomy":"category","embeddable":true,"href":"https:\/\/outsiderland.com\/Roger-Delcros\/index.php?rest_route=%2Fwp%2Fv2%2Fcategories&post=2755"},{"taxonomy":"post_tag","embeddable":true,"href":"https:\/\/outsiderland.com\/Roger-Delcros\/index.php?rest_route=%2Fwp%2Fv2%2Ftags&post=2755"}],"curies":[{"name":"wp","href":"https:\/\/api.w.org\/{rel}","templated":true}]}}